{"id":57215,"date":"2024-11-19T18:46:27","date_gmt":"2024-11-19T21:46:27","guid":{"rendered":"https:\/\/infovera.com.ar\/web\/?p=57215"},"modified":"2024-11-19T18:50:50","modified_gmt":"2024-11-19T21:50:50","slug":"fundacion-mr-realizo-siete-encuentros-de-capacitacion-gratuita-para-la-comunidad","status":"publish","type":"post","link":"https:\/\/infovera.com.ar\/web\/2024\/11\/19\/fundacion-mr-realizo-siete-encuentros-de-capacitacion-gratuita-para-la-comunidad\/","title":{"rendered":"Fundaci\u00f3n MR realiz\u00f3 siete encuentros de capacitaci\u00f3n gratuita para la comunidad"},"content":{"rendered":"<p>Mediante el programa de capacitaci\u00f3n permanente gratuita, Fundaci\u00f3n MR llev\u00f3 adelante una serie de encuentros en escuelas de la zona con la tem\u00e1tica: Detecci\u00f3n Precoz de Trastornos del Neurodesarrollo.<\/p>\n<p>Las actividades se desplegaron en el Colegio N\u00ba 1134, el Instituto Superior del Profesorado \u00c1ngel C\u00e1rcano&#8221;, la Escuela N\u00ba 6117, la Escuela N\u00ba 448, el Jard\u00edn N 360, el Jard\u00edn N\u00ba 60, el Colegio Superior N\u00ba 42 &#8220;Agust\u00edn Rossi&#8221; y la Escuela N\u00ba 1378.<\/p>\n<p>Estuvieron a cargo de la psicopedagoga Karina Vanessa Cuatrin, la fonoaudiologa Fiorela Lis Ramayo y la terapista Evangelina Ferrero. La tem\u00e1tica general fue la misma, adaptada a cada nivel escolar.<\/p>\n<p>As\u00ed, por ejemplo, en la visita a los jardines ,en cuanto a los desaf\u00edos y estrategias,, los objetivos generales se fijaron en desarrollar competencias para identificar algunos trastornos b\u00e1sicos del neurodesarrollo y derivar oportunamente, promover el conocimiento de los principales lineamientos del DMS V., contribuir a la integraci\u00f3n de conocimientos b\u00e1sicos de las tres disciplinas involucradas y mostrar recursos e ideas metodol\u00f3gicas, posibles de implementar.<\/p>\n<p><iframe loading=\"lazy\" src=\"https:\/\/www.facebook.com\/plugins\/post.php?href=https%3A%2F%2Fwww.facebook.com%2Fkarinavanessa.cuatrin%2Fposts%2Fpfbid02PAkoyPRMTSTHG2c84mfe7mwxN5zR8uoxALbE248H9MtkzAXzEDTdSb6te2h6YiwZl&#038;show_text=true&#038;width=500\" width=\"500\" height=\"600\" style=\"border:none;overflow:hidden\" scrolling=\"no\" frameborder=\"0\" allowfullscreen=\"true\" allow=\"autoplay; clipboard-write; encrypted-media; picture-in-picture; web-share\"><\/iframe><\/p>\n<p>A su vez, las capacitaciones tuvieron objetivos espec\u00edficos, tales como el an\u00e1lisis de los principales argumentos expuestos, el di\u00e1logo sobre desaf\u00edos y estrategias, mostrando recursos concretos: herramientas para el aula.<\/p>\n<p>Asimismo, analizar el desarrollo normal esperable y c\u00f3mo est\u00e1 afectado en las patolog\u00edas, posibilitar y promover una formaci\u00f3n m\u00e1s amplia y espec\u00edfica, y la generaci\u00f3n de un espacio de intercambio entre el Equipo Directivo\/Docente y las Profesionales, tendiente a canalizar dudas, dificultades y expectativas.<\/p>\n<p><a href=\"https:\/\/infovera.com.ar\/web\/wp-content\/uploads\/2024\/11\/mr-1.png\"><img loading=\"lazy\" decoding=\"async\" class=\"alignleft size-full wp-image-57217\" src=\"https:\/\/infovera.com.ar\/web\/wp-content\/uploads\/2024\/11\/mr-1.png\" alt=\"\" width=\"1043\" height=\"647\" srcset=\"https:\/\/infovera.com.ar\/web\/wp-content\/uploads\/2024\/11\/mr-1.png 1043w, https:\/\/infovera.com.ar\/web\/wp-content\/uploads\/2024\/11\/mr-1-696x432.png 696w, https:\/\/infovera.com.ar\/web\/wp-content\/uploads\/2024\/11\/mr-1-677x420.png 677w, https:\/\/infovera.com.ar\/web\/wp-content\/uploads\/2024\/11\/mr-1-356x220.png 356w\" sizes=\"auto, (max-width: 1043px) 100vw, 1043px\" \/><\/a><\/p>\n","protected":false},"excerpt":{"rendered":"<p>Mediante el programa de capacitaci\u00f3n permanente gratuita, Fundaci\u00f3n MR llev\u00f3 adelante una serie de encuentros en escuelas de la zona con la tem\u00e1tica: Detecci\u00f3n Precoz de Trastornos del Neurodesarrollo. Las actividades se desplegaron en el Colegio N\u00ba 1134, el Instituto Superior del Profesorado \u00c1ngel C\u00e1rcano&#8221;, la Escuela N\u00ba 6117, la Escuela N\u00ba 448, el Jard\u00edn [&hellip;]<\/p>\n","protected":false},"author":3,"featured_media":57216,"comment_status":"closed","ping_status":"closed","sticky":false,"template":"","format":"standard","meta":{"_joinchat":[],"footnotes":""},"categories":[51,37,36],"tags":[],"class_list":{"0":"post-57215","1":"post","2":"type-post","3":"status-publish","4":"format-standard","5":"has-post-thumbnail","7":"category-locales","8":"category-salud","9":"category-sociedad"},"_links":{"self":[{"href":"https:\/\/infovera.com.ar\/web\/wp-json\/wp\/v2\/posts\/57215","targetHints":{"allow":["GET"]}}],"collection":[{"href":"https:\/\/infovera.com.ar\/web\/wp-json\/wp\/v2\/posts"}],"about":[{"href":"https:\/\/infovera.com.ar\/web\/wp-json\/wp\/v2\/types\/post"}],"author":[{"embeddable":true,"href":"https:\/\/infovera.com.ar\/web\/wp-json\/wp\/v2\/users\/3"}],"replies":[{"embeddable":true,"href":"https:\/\/infovera.com.ar\/web\/wp-json\/wp\/v2\/comments?post=57215"}],"version-history":[{"count":0,"href":"https:\/\/infovera.com.ar\/web\/wp-json\/wp\/v2\/posts\/57215\/revisions"}],"wp:featuredmedia":[{"embeddable":true,"href":"https:\/\/infovera.com.ar\/web\/wp-json\/wp\/v2\/media\/57216"}],"wp:attachment":[{"href":"https:\/\/infovera.com.ar\/web\/wp-json\/wp\/v2\/media?parent=57215"}],"wp:term":[{"taxonomy":"category","embeddable":true,"href":"https:\/\/infovera.com.ar\/web\/wp-json\/wp\/v2\/categories?post=57215"},{"taxonomy":"post_tag","embeddable":true,"href":"https:\/\/infovera.com.ar\/web\/wp-json\/wp\/v2\/tags?post=57215"}],"curies":[{"name":"wp","href":"https:\/\/api.w.org\/{rel}","templated":true}]}}