{"id":57207,"date":"2024-11-19T17:52:38","date_gmt":"2024-11-19T20:52:38","guid":{"rendered":"https:\/\/infovera.com.ar\/web\/?p=57207"},"modified":"2024-11-20T14:30:06","modified_gmt":"2024-11-20T17:30:06","slug":"la-criolla-tres-personas-fallecidas-en-un-impactante-choque-frontal","status":"publish","type":"post","link":"https:\/\/infovera.com.ar\/web\/2024\/11\/19\/la-criolla-tres-personas-fallecidas-en-un-impactante-choque-frontal\/","title":{"rendered":"La Criolla: tres personas fallecidas en un impactante choque frontal"},"content":{"rendered":"<p>El accidente fatal se produjo sobre la Ruta 11, entre Vera y Pintado y La Criolla.<\/p>\n<p>El choque7 se produjo en el kil\u00f3metro 636 en jurisdicci\u00f3n de La Criolla.<\/p>\n<p>Por causas que se investigan, colisionaron dos camionetas. En el lugar trabaj\u00f3 personal policial. adem\u00e1s de bomberos voluntarios.<\/p>\n<p>Los veh\u00edculos que participaron del accidente de tr\u00e1nsito fueron un SUV marca Beijing X55 que circulaba de norte a sur, conducido por Roberto Am\u00e9rico Druetto (domiciliado en zona rural Vera y Pintado), y un SUV Kia Sorento, en el que viajaban Horacio Ra\u00fal Paterno y Malvina Rosa Iris Acu\u00f1a (ambos de Reconquista). Los tres ya hab\u00edan fallecido cuando los m\u00e9dicos llegaron a la escena del hecho.<\/p>\n<p>El parte policial<\/p>\n<p>Fecha 17:00hs se toma conocimiento accidente de tr\u00e1nsito en ruta 11 KM 636.5 en el lugar se pudo constatar que colisionaron por causas a determinar un autom\u00f3vil marca Beijing X55 que circulaba de Norte a Sur conducido por DRUETTO ROBERTO AMERICO domiciliado en zona rural Vera y Pintado Santa Fe, con un autom\u00f3vil marca Kia Sorento conducido por PATERNO HORACIO RAUL domiciliado en calle Bol\u00edvar 307 de la Ciudad de Reconquista, acompa\u00f1ado por ACU\u00d1A MALVINA ROSA IRIS domiciliada en calle 57 1880 B\u00b0 CENTER RECONQUISTA GRAL OBLIGADO SANTA FE. Se convoca ambulancias de la Localidad de La Criolla y Gobernador Crespo como as\u00ed tambi\u00e9n bomberos voluntarios de dicha localidad como as\u00ed m\u00f3viles y personal de comisar\u00eda 8va. Y 9na. Personal de Salud Constata que los ocupantes de ambos veh\u00edculos estaban sin signos vitales. Presente Medico Policial constata \u00f3bito de DRUETTO ROBERTO AMERICO, PATERNO HORACIO RAUL y ACU\u00d1A MALVINA ROSA IRIS. Se procede al traslado de los cuerpos hacia morgue de Samco de Gobernador Crespo fines tramites de rigor. Se libr\u00f3 comunicaci\u00f3n fiscal en turno Dr. Cechicni quien puesto en conocimiento de lo aconsejado por medico policial DISPONE que se haga entrega de los cuerpos a sus familiares para velatorio e inhumaci\u00f3n.<\/p>\n<p><a href=\"https:\/\/infovera.com.ar\/web\/wp-content\/uploads\/2024\/11\/acc-la.jpg\"><img loading=\"lazy\" decoding=\"async\" class=\"alignleft size-full wp-image-57209\" src=\"https:\/\/infovera.com.ar\/web\/wp-content\/uploads\/2024\/11\/acc-la.jpg\" alt=\"\" width=\"1599\" height=\"899\" srcset=\"https:\/\/infovera.com.ar\/web\/wp-content\/uploads\/2024\/11\/acc-la.jpg 1599w, https:\/\/infovera.com.ar\/web\/wp-content\/uploads\/2024\/11\/acc-la-696x391.jpg 696w, https:\/\/infovera.com.ar\/web\/wp-content\/uploads\/2024\/11\/acc-la-1068x600.jpg 1068w, https:\/\/infovera.com.ar\/web\/wp-content\/uploads\/2024\/11\/acc-la-747x420.jpg 747w\" sizes=\"auto, (max-width: 1599px) 100vw, 1599px\" \/><\/a><\/p>\n","protected":false},"excerpt":{"rendered":"<p>El accidente fatal se produjo sobre la Ruta 11, entre Vera y Pintado y La Criolla. El choque7 se produjo en el kil\u00f3metro 636 en jurisdicci\u00f3n de La Criolla. Por causas que se investigan, colisionaron dos camionetas. En el lugar trabaj\u00f3 personal policial. adem\u00e1s de bomberos voluntarios. Los veh\u00edculos que participaron del accidente de tr\u00e1nsito [&hellip;]<\/p>\n","protected":false},"author":3,"featured_media":57208,"comment_status":"closed","ping_status":"closed","sticky":false,"template":"","format":"standard","meta":{"_joinchat":[],"footnotes":""},"categories":[51,30],"tags":[],"class_list":{"0":"post-57207","1":"post","2":"type-post","3":"status-publish","4":"format-standard","5":"has-post-thumbnail","7":"category-locales","8":"category-policiales"},"_links":{"self":[{"href":"https:\/\/infovera.com.ar\/web\/wp-json\/wp\/v2\/posts\/57207","targetHints":{"allow":["GET"]}}],"collection":[{"href":"https:\/\/infovera.com.ar\/web\/wp-json\/wp\/v2\/posts"}],"about":[{"href":"https:\/\/infovera.com.ar\/web\/wp-json\/wp\/v2\/types\/post"}],"author":[{"embeddable":true,"href":"https:\/\/infovera.com.ar\/web\/wp-json\/wp\/v2\/users\/3"}],"replies":[{"embeddable":true,"href":"https:\/\/infovera.com.ar\/web\/wp-json\/wp\/v2\/comments?post=57207"}],"version-history":[{"count":0,"href":"https:\/\/infovera.com.ar\/web\/wp-json\/wp\/v2\/posts\/57207\/revisions"}],"wp:featuredmedia":[{"embeddable":true,"href":"https:\/\/infovera.com.ar\/web\/wp-json\/wp\/v2\/media\/57208"}],"wp:attachment":[{"href":"https:\/\/infovera.com.ar\/web\/wp-json\/wp\/v2\/media?parent=57207"}],"wp:term":[{"taxonomy":"category","embeddable":true,"href":"https:\/\/infovera.com.ar\/web\/wp-json\/wp\/v2\/categories?post=57207"},{"taxonomy":"post_tag","embeddable":true,"href":"https:\/\/infovera.com.ar\/web\/wp-json\/wp\/v2\/tags?post=57207"}],"curies":[{"name":"wp","href":"https:\/\/api.w.org\/{rel}","templated":true}]}}