{"id":57187,"date":"2024-11-19T08:49:04","date_gmt":"2024-11-19T11:49:04","guid":{"rendered":"https:\/\/infovera.com.ar\/web\/?p=57187"},"modified":"2024-11-19T08:49:04","modified_gmt":"2024-11-19T11:49:04","slug":"pullaro-y-el-arte-de-gobernar","status":"publish","type":"post","link":"https:\/\/infovera.com.ar\/web\/2024\/11\/19\/pullaro-y-el-arte-de-gobernar\/","title":{"rendered":"Pullaro y el arte de gobernar"},"content":{"rendered":"<p>Por Dar\u00edo H. Schueri.<\/p>\n<p>El tratamiento de la Ley de reforma de la Corte Suprema de justicia mostr\u00f3 las tres caras visibles de la pol\u00edtica santafesina: Pullaro hace uso del poder que le confiri\u00f3 las urnas; Amalia Granata \u2013 hasta que aparezca en escena LLA- quiere ser la principal opositora en la Provincia; y el peronismo est\u00e1 en franco proceso de implosi\u00f3n.<\/p>\n<p>\u201cEl arte de gobernar, como \u201carte\u201d, implica una\u00a0articulaci\u00f3n entre el dominio t\u00e9cnico, pragm\u00e1tico y te\u00f3rico\u00a0que se plasma en las acciones de gobierno, en instituciones pol\u00edticas y discursos\u201d, describe la profesora de filosof\u00eda mendocina\u00a0Agustina Miranda Giordano, axioma que como licenciado en Ciencias Pol\u00edticas el Gobernador Maximiliano Pullaro sigue al pi\u00e9 de la letra.<\/p>\n<p>\u201cSe jactan de haber sacado m\u00e1s de 50 leyes porque a la oposici\u00f3n \u2013 refiri\u00e9ndose a la propia- \u00a0no la tienen en cuenta\u201d, se quejaba \u00e1cidamente la l\u00edder del bloque Somos Vida (segunda minor\u00eda en la C\u00e1mara de Diputados santafesina) Amalia Granata durante el debate por las reformas a la Corte Suprema de Justicia. Sucede que el oficialismo no peronista desde el a\u00f1o 2007 nunca tuvo la hegemon\u00eda parlamentaria que hoy tiene el frente Unidos: los 28 diputados constitucionales sobre 50 y 14 senadores entre 19 (con los dos tercios y qu\u00f3rum propio incluidos) predominio que, sumado al discurso de cambio de \u00e9poca encarnado a nivel nacional por Javier Milei, el l\u00edder santafesino Maximiliano Pullaro, siguiendo los sabios consejos del\u00a0diplom\u00e1tico,\u00a0funcionario,\u00a0fil\u00f3sofo pol\u00edtico\u00a0y\u00a0escritor italiano\u00a0Nicol\u00e1s Maquiavelo, padre de la ciencia pol\u00edtica, aplica sin cortapisas.<\/p>\n<p><strong>Si se puede ahora, \u00bfpara qu\u00e9 esperar?<\/strong><\/p>\n<p>Esa preeminencia se evidenci\u00f3 el jueves pasado cuando el gobierno consigui\u00f3 que en una misma tarde sustanciales cambios institucionales en la Corte Suprema de Justicia se transformaran en Ley. E intentar\u00e1 ir con la misma metodolog\u00eda para el presupuesto y ley tributaria 2025; y la madre de todas las batallas: la ley de necesidad de reforma de la Constituci\u00f3n. Todo supuestamente en las venideras sesiones de los jueves 21, 28 y viernes 29 de este mes de noviembre.<\/p>\n<p>La idea ser\u00eda aprobar el presupuesto y tributaria ahora, para seguir la l\u00ednea bisectriz del Gobernador: \u201cNo vinimos para hacer lo mismo de siempre\u201d, de tal manera que este jueves 21 en votaci\u00f3n \u201cespejo\u201d se aprobar\u00edan ambas leyes: mientras Senado dar\u00eda media sanci\u00f3n a la Ley Tributaria, simult\u00e1neamente Diputados har\u00eda lo propio con el Presupuesto, para despu\u00e9s inmediatamente hacer el pase de C\u00e1maras y que al final del d\u00eda ambos proyectos caminen hacia la Casa Gris para su promulgaci\u00f3n.<\/p>\n<p>El ministro de Econom\u00eda Pablo Olivares junto al de Gobierno Fabi\u00e1n Bastia ya le explicaron la semana pasada a los senadores oficialistas los meandros de la Tributaria, y este mi\u00e9rcoles har\u00e1n lo propio con el presupuesto a los asistentes a labor parlamentaria en Diputados.<\/p>\n<p>El principal motivo de debate que suele tener el Ejecutivo en Diputados a la hora de aprobar proyectos vidriosos no es obviamente la oposici\u00f3n, sino sus socios del PS con quien deben consensuar los textos a suscribir; nada que no haya tenido siempre la aquiescencia de quienes durante tres per\u00edodos ocuparon la poltrona del Brigadier, y saben c\u00f3mo es el ejercicio del poder.<\/p>\n<p>Por eso la oposici\u00f3n quiere que en una eventual nueva Constituci\u00f3n los diputados sean electos por sistema proporcional D\u00b4Hondt, para terminar con la mayor\u00eda autom\u00e1tica. \u00bfEstar\u00eda esa posibilidad plasmada en la redacci\u00f3n de la Ley de Necesidad, o como tantas otras cuestiones (la posibilidad de reelecci\u00f3n del gobernador en ejercicio, por ejemplo) los legisladores las dejar\u00edan librada al soberano arbitrio de los Convencionales Constituyentes?.<\/p>\n<p><strong>Reforma de la Corte: \u00bfprecuela del debate por la reforma constitucional?<\/strong><\/p>\n<p>La sanci\u00f3n de la, seg\u00fan la diputada peronista y ex jueza Alejandra Rodenas, mal llamada reforma judicial del jueves pasado evidenci\u00f3, entre otras cosas, de manera pat\u00e9tica la fractura expuesta del peronismo, que en una misma tarde utilizaron los tres recursos parlamentarios en las dos C\u00e1maras: votaron a favor, en contra y se abstuvieron.<\/p>\n<p>Mientras el bloque de cinco diputados que comanda Omar Perotti vot\u00f3 a favor del -\u00fanico- dictamen oficialista, junto al l\u00edbero Juan Jos\u00e9 Piedrabuena, los cuatro diputados peronistas restantes votaron en contra. Luego los cinco senadores peronistas optaron por abstenerse.<\/p>\n<p>La mencionada Rodenas articul\u00f3 un discurso m\u00e1s dirigido a un pase de facturas hacia Omar Perotti que a su desencanto con la norma que se estaba tratando, describiendo \u201cacuerdos s\u00faper estructurales\u201d y \u201cdispositivos de afinidades pol\u00edticas\u201d, obviamente entre Omar Perotti y Maximiliano Pullaro; pacto, si lo hubiere habido, que luego el jefe del radicalismo Felipe Michlig tild\u00f3 de \u201cgrandeza (del ex-Gdor Perotti) que construye consensos para mejorar la institucionalidad. La gente no nos vot\u00f3 para destruirnos, sino para construir\u00bb, protegi\u00f3 Michlig.<\/p>\n<p>El diputado peronista Miguel Rabbia, alter ego pol\u00edtico en la legislatura del senador nacional Marcelo Lewandowsky (entusiasmado con una posible alianza con Amalia Granata) para estar a tono con el misil\u00edstico discurso de la diputada Somos Vida (quien asegur\u00f3 que los cambios en la Corte \u201cno le interesan a nadie\u201d y solo son para cambiar los actuales jueces por otros afines), apel\u00f3 a una sintaxis similar calificando al proyecto de \u201cabominable\u201d, \u201cavasallamiento a la justicia\u201d y \u201ctraje a medida\u201d.<\/p>\n<p>En definitiva, la \u201cagilidad, productividad y modernizaci\u00f3n de la justicia\u201d por la que aboga el gobierno para que la sociedad tenga un mejor servicio de justicia, estar\u00eda plasmada en una nueva Corte Suprema con siete integrantes, paridad de g\u00e9nero, territorialidad y jubilaci\u00f3n de sus miembros al cumplir los 75 a\u00f1os.<\/p>\n<p>Una vez vigente la Ley se apreciar\u00e1 si las premoniciones de Granata se transforman en realidad, o forman parte de la estrategia de posicionamiento pol\u00edtico de quien advirti\u00f3 que puede erigirse, sobre las ruinas del peronismo, como la aut\u00e9ntica opositora al oficialismo provincial.<\/p>\n","protected":false},"excerpt":{"rendered":"<p>Por Dar\u00edo H. Schueri. El tratamiento de la Ley de reforma de la Corte Suprema de justicia mostr\u00f3 las tres caras visibles de la pol\u00edtica santafesina: Pullaro hace uso del poder que le confiri\u00f3 las urnas; Amalia Granata \u2013 hasta que aparezca en escena LLA- quiere ser la principal opositora en la Provincia; y el [&hellip;]<\/p>\n","protected":false},"author":3,"featured_media":48604,"comment_status":"closed","ping_status":"closed","sticky":false,"template":"","format":"standard","meta":{"_joinchat":[],"footnotes":""},"categories":[58,60],"tags":[],"class_list":{"0":"post-57187","1":"post","2":"type-post","3":"status-publish","4":"format-standard","5":"has-post-thumbnail","7":"category-opinion","8":"category-provinciales"},"_links":{"self":[{"href":"https:\/\/infovera.com.ar\/web\/wp-json\/wp\/v2\/posts\/57187","targetHints":{"allow":["GET"]}}],"collection":[{"href":"https:\/\/infovera.com.ar\/web\/wp-json\/wp\/v2\/posts"}],"about":[{"href":"https:\/\/infovera.com.ar\/web\/wp-json\/wp\/v2\/types\/post"}],"author":[{"embeddable":true,"href":"https:\/\/infovera.com.ar\/web\/wp-json\/wp\/v2\/users\/3"}],"replies":[{"embeddable":true,"href":"https:\/\/infovera.com.ar\/web\/wp-json\/wp\/v2\/comments?post=57187"}],"version-history":[{"count":0,"href":"https:\/\/infovera.com.ar\/web\/wp-json\/wp\/v2\/posts\/57187\/revisions"}],"wp:featuredmedia":[{"embeddable":true,"href":"https:\/\/infovera.com.ar\/web\/wp-json\/wp\/v2\/media\/48604"}],"wp:attachment":[{"href":"https:\/\/infovera.com.ar\/web\/wp-json\/wp\/v2\/media?parent=57187"}],"wp:term":[{"taxonomy":"category","embeddable":true,"href":"https:\/\/infovera.com.ar\/web\/wp-json\/wp\/v2\/categories?post=57187"},{"taxonomy":"post_tag","embeddable":true,"href":"https:\/\/infovera.com.ar\/web\/wp-json\/wp\/v2\/tags?post=57187"}],"curies":[{"name":"wp","href":"https:\/\/api.w.org\/{rel}","templated":true}]}}