{"id":57169,"date":"2024-11-18T12:27:36","date_gmt":"2024-11-18T15:27:36","guid":{"rendered":"https:\/\/infovera.com.ar\/web\/?p=57169"},"modified":"2024-11-18T12:27:36","modified_gmt":"2024-11-18T15:27:36","slug":"la-humildad-de-los-grandes","status":"publish","type":"post","link":"https:\/\/infovera.com.ar\/web\/2024\/11\/18\/la-humildad-de-los-grandes\/","title":{"rendered":"La humildad de los grandes"},"content":{"rendered":"<p>En una tarde inestable, con un campo de juego intratable, la dudas de muchos fue: &#8220;Jugar\u00e1n Tito Ram\u00edrez y el Taca Bieler?&#8221;.<\/p>\n<p>Pasadas las 16:30 lleg\u00f3 el plantel de Hurac\u00e1n FC al estadio H\u00e9ctor &#8220;\u00d1ato&#8221; Vacou y los primeros en descender del \u00f3mnibus fueron esos dos enormes jugadores.<\/p>\n<p>Claudio &#8220;Taca&#8221; Bieler, Campe\u00f3n Copa Libertadores con Liga de Quito, y goleador por donde anduvo, se banc\u00f3 los 90 minutos.<\/p>\n<p>Corri\u00f3, meti\u00f3, se enoj\u00f3 e hizo jugar a sus compa\u00f1eros con 41 a\u00f1os de edad.<\/p>\n<p>Rub\u00e9n &#8220;Tito&#8221; Ram\u00edrez, 42 a\u00f1os, aport\u00f3 lo suyo en ataque y tambi\u00e9n en defensa, a la hora de bajar y ayudar al equipo, en cada pelota parada.<\/p>\n<p>Le anularon un gol por supuesta posici\u00f3n adelantada y convirti\u00f3 el primero para Hurac\u00e1n FC. Se retir\u00f3 promediando la mitad del segundo tiempo.<\/p>\n<p>Cuando finaliz\u00f3 el partido comenz\u00f3 a llover y, pese a ello, atendieron a todo periodista local que le arrim\u00f3 un micr\u00f3fono, una c\u00e1mara o celular.<\/p>\n<p>A tal punto que &#8220;Tito&#8221; Ram\u00edrez se qued\u00f3 un largo rato hablando bajo la lluvia, mientras que el &#8220;Taca&#8221; pos\u00f3 en cada foto que le pidieron.<\/p>\n<p>La gente, salud\u00f3 y abraz\u00f3 a estas grandes Figuras del F\u00fatbol.<\/p>\n<p>En la Foto, Hugo Miranda, ayudante de campo en Atl\u00e9tico y Tiro, junto a sus excompa\u00f1eros en Col\u00f3n de Santa Fe.<\/p>\n<p>Fuente: La Deportiva<\/p>\n","protected":false},"excerpt":{"rendered":"<p>En una tarde inestable, con un campo de juego intratable, la dudas de muchos fue: &#8220;Jugar\u00e1n Tito Ram\u00edrez y el Taca Bieler?&#8221;. Pasadas las 16:30 lleg\u00f3 el plantel de Hurac\u00e1n FC al estadio H\u00e9ctor &#8220;\u00d1ato&#8221; Vacou y los primeros en descender del \u00f3mnibus fueron esos dos enormes jugadores. Claudio &#8220;Taca&#8221; Bieler, Campe\u00f3n Copa Libertadores con [&hellip;]<\/p>\n","protected":false},"author":3,"featured_media":57170,"comment_status":"closed","ping_status":"closed","sticky":false,"template":"","format":"standard","meta":{"_joinchat":[],"footnotes":""},"categories":[31,35,51],"tags":[],"class_list":{"0":"post-57169","1":"post","2":"type-post","3":"status-publish","4":"format-standard","5":"has-post-thumbnail","7":"category-deportes","8":"category-futbol","9":"category-locales"},"_links":{"self":[{"href":"https:\/\/infovera.com.ar\/web\/wp-json\/wp\/v2\/posts\/57169","targetHints":{"allow":["GET"]}}],"collection":[{"href":"https:\/\/infovera.com.ar\/web\/wp-json\/wp\/v2\/posts"}],"about":[{"href":"https:\/\/infovera.com.ar\/web\/wp-json\/wp\/v2\/types\/post"}],"author":[{"embeddable":true,"href":"https:\/\/infovera.com.ar\/web\/wp-json\/wp\/v2\/users\/3"}],"replies":[{"embeddable":true,"href":"https:\/\/infovera.com.ar\/web\/wp-json\/wp\/v2\/comments?post=57169"}],"version-history":[{"count":0,"href":"https:\/\/infovera.com.ar\/web\/wp-json\/wp\/v2\/posts\/57169\/revisions"}],"wp:featuredmedia":[{"embeddable":true,"href":"https:\/\/infovera.com.ar\/web\/wp-json\/wp\/v2\/media\/57170"}],"wp:attachment":[{"href":"https:\/\/infovera.com.ar\/web\/wp-json\/wp\/v2\/media?parent=57169"}],"wp:term":[{"taxonomy":"category","embeddable":true,"href":"https:\/\/infovera.com.ar\/web\/wp-json\/wp\/v2\/categories?post=57169"},{"taxonomy":"post_tag","embeddable":true,"href":"https:\/\/infovera.com.ar\/web\/wp-json\/wp\/v2\/tags?post=57169"}],"curies":[{"name":"wp","href":"https:\/\/api.w.org\/{rel}","templated":true}]}}