{"id":57074,"date":"2024-11-15T13:34:04","date_gmt":"2024-11-15T16:34:04","guid":{"rendered":"https:\/\/infovera.com.ar\/web\/?p=57074"},"modified":"2024-11-15T13:34:04","modified_gmt":"2024-11-15T16:34:04","slug":"fiesta-del-jardin-alfonsina-storni","status":"publish","type":"post","link":"https:\/\/infovera.com.ar\/web\/2024\/11\/15\/fiesta-del-jardin-alfonsina-storni\/","title":{"rendered":"Fiesta del Jard\u00edn &#8220;Alfonsina Storni&#8221;"},"content":{"rendered":"<p>El JIN N\u00ba 8208 \u201cAlfonsina Storni\u201d de Vera realiz\u00f3, en el \u201cPaseo de las Artes\u201d, una espectacular velada bajo la consigna \u201cRa\u00edces que nos unen\u201d.<\/p>\n<p>La directora Marisa Pighin y la vicedirectora Mar\u00eda Fernanda Benegas estuvieron acompa\u00f1adas por la supervisora de Nivel Inicial Mar\u00eda del Valle \u00c1vila que disfrut\u00f3 con mucho placer la colorida velada.<\/p>\n<p>Cada salita present\u00f3 un baile diferente, lo que demand\u00f3 un trabajo previo muy puntillosos dado que tanto las docentes como los casi 200 alumnos lucieron la indumentaria adecuada para cada ocasi\u00f3n lo que cause\u00f3 un verdadero impacto ante la multitud que acompa\u00f1\u00f3 el evento.<\/p>\n<p>Asi fue como el tango, el carnavalito, el chamam\u00e9\u2026 tuvieron tambi\u00e9n una escenograf\u00eda adecuada producto del trabajo conjunto de docentes y familias que apoyaron sin condiciones y con mucho entusiasmo la organizaci\u00f3n de lo que termin\u00f3 siendo un espect\u00e1culo montado con excelente calidad y buen gusto.<\/p>\n<p>Menci\u00f3n aparte para la conducci\u00f3n del show de manera impecable que tuvo continuidad y no dej\u00f3 fisuras a lo largo de su desarrollo.<\/p>\n<p>FELICITACIONES!<\/p>\n<p>Letyana Press<\/p>\n<p><a href=\"https:\/\/infovera.com.ar\/web\/wp-content\/uploads\/2024\/11\/f3.jpg\"><img loading=\"lazy\" decoding=\"async\" class=\"alignleft size-full wp-image-57077\" src=\"https:\/\/infovera.com.ar\/web\/wp-content\/uploads\/2024\/11\/f3.jpg\" alt=\"\" width=\"2048\" height=\"1233\" srcset=\"https:\/\/infovera.com.ar\/web\/wp-content\/uploads\/2024\/11\/f3.jpg 2048w, https:\/\/infovera.com.ar\/web\/wp-content\/uploads\/2024\/11\/f3-696x419.jpg 696w, https:\/\/infovera.com.ar\/web\/wp-content\/uploads\/2024\/11\/f3-1068x643.jpg 1068w, https:\/\/infovera.com.ar\/web\/wp-content\/uploads\/2024\/11\/f3-698x420.jpg 698w\" sizes=\"auto, (max-width: 2048px) 100vw, 2048px\" \/><\/a><a href=\"https:\/\/infovera.com.ar\/web\/wp-content\/uploads\/2024\/11\/f2.jpg\"><img loading=\"lazy\" decoding=\"async\" class=\"alignleft size-full wp-image-57076\" src=\"https:\/\/infovera.com.ar\/web\/wp-content\/uploads\/2024\/11\/f2.jpg\" alt=\"\" width=\"2048\" height=\"1320\" srcset=\"https:\/\/infovera.com.ar\/web\/wp-content\/uploads\/2024\/11\/f2.jpg 2048w, https:\/\/infovera.com.ar\/web\/wp-content\/uploads\/2024\/11\/f2-696x449.jpg 696w, https:\/\/infovera.com.ar\/web\/wp-content\/uploads\/2024\/11\/f2-1068x688.jpg 1068w, https:\/\/infovera.com.ar\/web\/wp-content\/uploads\/2024\/11\/f2-652x420.jpg 652w\" sizes=\"auto, (max-width: 2048px) 100vw, 2048px\" \/><\/a><\/p>\n","protected":false},"excerpt":{"rendered":"<p>El JIN N\u00ba 8208 \u201cAlfonsina Storni\u201d de Vera realiz\u00f3, en el \u201cPaseo de las Artes\u201d, una espectacular velada bajo la consigna \u201cRa\u00edces que nos unen\u201d. La directora Marisa Pighin y la vicedirectora Mar\u00eda Fernanda Benegas estuvieron acompa\u00f1adas por la supervisora de Nivel Inicial Mar\u00eda del Valle \u00c1vila que disfrut\u00f3 con mucho placer la colorida velada. [&hellip;]<\/p>\n","protected":false},"author":3,"featured_media":57075,"comment_status":"closed","ping_status":"closed","sticky":false,"template":"","format":"standard","meta":{"_joinchat":[],"footnotes":""},"categories":[53],"tags":[],"class_list":{"0":"post-57074","1":"post","2":"type-post","3":"status-publish","4":"format-standard","5":"has-post-thumbnail","7":"category-vera"},"_links":{"self":[{"href":"https:\/\/infovera.com.ar\/web\/wp-json\/wp\/v2\/posts\/57074","targetHints":{"allow":["GET"]}}],"collection":[{"href":"https:\/\/infovera.com.ar\/web\/wp-json\/wp\/v2\/posts"}],"about":[{"href":"https:\/\/infovera.com.ar\/web\/wp-json\/wp\/v2\/types\/post"}],"author":[{"embeddable":true,"href":"https:\/\/infovera.com.ar\/web\/wp-json\/wp\/v2\/users\/3"}],"replies":[{"embeddable":true,"href":"https:\/\/infovera.com.ar\/web\/wp-json\/wp\/v2\/comments?post=57074"}],"version-history":[{"count":0,"href":"https:\/\/infovera.com.ar\/web\/wp-json\/wp\/v2\/posts\/57074\/revisions"}],"wp:featuredmedia":[{"embeddable":true,"href":"https:\/\/infovera.com.ar\/web\/wp-json\/wp\/v2\/media\/57075"}],"wp:attachment":[{"href":"https:\/\/infovera.com.ar\/web\/wp-json\/wp\/v2\/media?parent=57074"}],"wp:term":[{"taxonomy":"category","embeddable":true,"href":"https:\/\/infovera.com.ar\/web\/wp-json\/wp\/v2\/categories?post=57074"},{"taxonomy":"post_tag","embeddable":true,"href":"https:\/\/infovera.com.ar\/web\/wp-json\/wp\/v2\/tags?post=57074"}],"curies":[{"name":"wp","href":"https:\/\/api.w.org\/{rel}","templated":true}]}}