{"id":57031,"date":"2024-11-14T08:11:24","date_gmt":"2024-11-14T11:11:24","guid":{"rendered":"https:\/\/infovera.com.ar\/web\/?p=57031"},"modified":"2024-11-14T19:05:07","modified_gmt":"2024-11-14T22:05:07","slug":"el-90-de-los-docentes-publicos-de-la-provincia-adhirio-a-la-jornada-extendida-en-la-escuela-primaria","status":"publish","type":"post","link":"https:\/\/infovera.com.ar\/web\/2024\/11\/14\/el-90-de-los-docentes-publicos-de-la-provincia-adhirio-a-la-jornada-extendida-en-la-escuela-primaria\/","title":{"rendered":"El 90 % de los docentes p\u00fablicos de la provincia adhiri\u00f3 a la jornada extendida en la escuela primaria"},"content":{"rendered":"<p>Entre los 12.551 maestros de establecimientos educativos de gesti\u00f3n p\u00fablica y los 3.327 de gesti\u00f3n privada suman un total de 15.878 los educadores santafesinos inscriptos en el plan \u00a1Una M\u00e1s!, por el que recibir\u00e1n un suplemento que representar\u00e1 casi 90 mil pesos para un docente que reci\u00e9n se inicia y casi 160 mil para uno con la mayor antig\u00fcedad.<\/p>\n<p>Un total de 15.878 docentes santafesinos adhirieron a la jornada extendida en las escuelas primarias en la provincia de Santa Fe, de acuerdo a la inscripci\u00f3n registrada en el sistema Mi Legajo. Se trata de 12.551 (representando el 89,69%) educadores de establecimientos educativos de gesti\u00f3n p\u00fablica, y 3.327 (80,69%) de gesti\u00f3n privada, alcanzando un porcentaje promedio de 84,38 %.<\/p>\n<p>El plan del Gobierno provincial denominado \u00a1Una M\u00e1s!, establece un suplemento mensual remunerativo no bonificable para los docentes de establecimientos educativos de gesti\u00f3n oficial y privada, para el cargo de Maestro de Grado de escuela Primaria Com\u00fan Diurna, sin afectar el puntaje del cargo -de 190 puntos-, ni las unidades de acumulaci\u00f3n (14,99), para quienes acepten una carga horaria de 25 horas reloj semanales. Es decir que se suman 45 minutos, contabilizando una jornada de 5 horas reloj diarias.<\/p>\n<p>La aceptaci\u00f3n de una hora m\u00e1s de clase es optativa para docentes titulares e interinos de escuelas oficiales y privadas para el cargo Maestro de Grado.<br \/>\nEste nuevo r\u00e9gimen garantiza la extensi\u00f3n de la jornada escolar a 25 horas reloj semanales (45 minutos m\u00e1s por d\u00eda) para escuelas de gesti\u00f3n oficial p\u00fablica y de gesti\u00f3n oficial privada. Se implementar\u00e1 efectivamente desde el 19 de noviembre en todas las escuelas primarias de la provincia.<\/p>\n<p>Esta decisi\u00f3n beneficiar\u00e1 a 382.318 estudiantes y, en consecuencia, los maestros de grado de toda la provincia podr\u00e1n acceder a un incremento en sus ingresos que, en un maestro con una antig\u00fcedad del 15 %, representar\u00e1 un incremento de 89.605,21 pesos, mientras que para un maestro con una antig\u00fcedad de 120% significar\u00e1 una suma de 158.617,63 pesos.<\/p>\n<p>\u201cLa docencia santafesina tiene una gran vocaci\u00f3n\u201d<\/p>\n<p>Respecto a \u00a1Una M\u00e1s!, el ministro de Educaci\u00f3n, Jos\u00e9 Goity, se mostr\u00f3 satisfecho \u201cpor el nivel de aceptaci\u00f3n y adhesi\u00f3n que ha tenido en el conjunto de los docentes esta propuesta, ya que la opci\u00f3n tanto para la familia como para los docentes era de car\u00e1cter optativo\u201d.<\/p>\n<p>A su vez, destac\u00f3: \u201cPara nosotros es muy importante esto, porque demuestra que la docencia santafesina tiene una gran vocaci\u00f3n, y demuestra que cuando proponemos programas que son educativos, que tienen un contenido fuertemente pedag\u00f3gico, los docentes acompa\u00f1an y lo hacen con mucha convicci\u00f3n\u201d.<\/p>\n","protected":false},"excerpt":{"rendered":"<p>Entre los 12.551 maestros de establecimientos educativos de gesti\u00f3n p\u00fablica y los 3.327 de gesti\u00f3n privada suman un total de 15.878 los educadores santafesinos inscriptos en el plan \u00a1Una M\u00e1s!, por el que recibir\u00e1n un suplemento que representar\u00e1 casi 90 mil pesos para un docente que reci\u00e9n se inicia y casi 160 mil para uno [&hellip;]<\/p>\n","protected":false},"author":3,"featured_media":56891,"comment_status":"closed","ping_status":"closed","sticky":false,"template":"","format":"standard","meta":{"_joinchat":[],"footnotes":""},"categories":[60],"tags":[],"class_list":{"0":"post-57031","1":"post","2":"type-post","3":"status-publish","4":"format-standard","5":"has-post-thumbnail","7":"category-provinciales"},"_links":{"self":[{"href":"https:\/\/infovera.com.ar\/web\/wp-json\/wp\/v2\/posts\/57031","targetHints":{"allow":["GET"]}}],"collection":[{"href":"https:\/\/infovera.com.ar\/web\/wp-json\/wp\/v2\/posts"}],"about":[{"href":"https:\/\/infovera.com.ar\/web\/wp-json\/wp\/v2\/types\/post"}],"author":[{"embeddable":true,"href":"https:\/\/infovera.com.ar\/web\/wp-json\/wp\/v2\/users\/3"}],"replies":[{"embeddable":true,"href":"https:\/\/infovera.com.ar\/web\/wp-json\/wp\/v2\/comments?post=57031"}],"version-history":[{"count":0,"href":"https:\/\/infovera.com.ar\/web\/wp-json\/wp\/v2\/posts\/57031\/revisions"}],"wp:featuredmedia":[{"embeddable":true,"href":"https:\/\/infovera.com.ar\/web\/wp-json\/wp\/v2\/media\/56891"}],"wp:attachment":[{"href":"https:\/\/infovera.com.ar\/web\/wp-json\/wp\/v2\/media?parent=57031"}],"wp:term":[{"taxonomy":"category","embeddable":true,"href":"https:\/\/infovera.com.ar\/web\/wp-json\/wp\/v2\/categories?post=57031"},{"taxonomy":"post_tag","embeddable":true,"href":"https:\/\/infovera.com.ar\/web\/wp-json\/wp\/v2\/tags?post=57031"}],"curies":[{"name":"wp","href":"https:\/\/api.w.org\/{rel}","templated":true}]}}