{"id":57025,"date":"2024-11-13T14:44:59","date_gmt":"2024-11-13T17:44:59","guid":{"rendered":"https:\/\/infovera.com.ar\/web\/?p=57025"},"modified":"2024-11-13T14:44:59","modified_gmt":"2024-11-13T17:44:59","slug":"una-mujer-murio-electrocutada-en-villa-ocampo","status":"publish","type":"post","link":"https:\/\/infovera.com.ar\/web\/2024\/11\/13\/una-mujer-murio-electrocutada-en-villa-ocampo\/","title":{"rendered":"Una mujer muri\u00f3 electrocutada en Villa Ocampo"},"content":{"rendered":"<p>A las 9:30, la polic\u00eda local recibi\u00f3 un llamado telef\u00f3nico solicitando su presencia en domicilio ubicado en calle Juan de Garay 1670 de la ciudad del extremo norte provincial debido a que habr\u00eda una mujer fallecida.<\/p>\n<p>Al arribar a la altura catastral citada, los agentes de seguridad corroboraron la veracidad del aviso.<\/p>\n<p>Estela Noem\u00ed Ben\u00edtez, de 69 a\u00f1os, se hallaba tirada en el piso sin vida. De acuerdo a la versi\u00f3n del familiar que la encontr\u00f3 -tras haber sido alertado por vecino sobre que sal\u00eda humo de la vivienda-, podr\u00eda haber sufrido una descarga el\u00e9ctrica, ya que se estaba utilizando un lavarropas conectado con un alargue a un tomacorriente.<\/p>\n<p>El pariente cort\u00f3 el suministro el\u00e9ctrico al domicilio en forma inmediata, pero ya era tarde.<\/p>\n<p>En el lugar se hizo presente un m\u00e9dico policial que luego de examinar el cuerpo sin vida de la v\u00edctima dictamin\u00f3 la causal del deceso: muerte por falla cardiaca debido a electrocuci\u00f3n aproximadamente entre una hora y media a dos antes del examen.<\/p>\n<p>El fiscal Koguc dispuso que se prescinda del an\u00e1lisis del Grupo T\u00e9cnico Criminal\u00edstico y se haga entrega del cuerpo a los familiares para velatorio y posterior inhumaci\u00f3n.<\/p>\n","protected":false},"excerpt":{"rendered":"<p>A las 9:30, la polic\u00eda local recibi\u00f3 un llamado telef\u00f3nico solicitando su presencia en domicilio ubicado en calle Juan de Garay 1670 de la ciudad del extremo norte provincial debido a que habr\u00eda una mujer fallecida. Al arribar a la altura catastral citada, los agentes de seguridad corroboraron la veracidad del aviso. Estela Noem\u00ed Ben\u00edtez, [&hellip;]<\/p>\n","protected":false},"author":3,"featured_media":57026,"comment_status":"closed","ping_status":"closed","sticky":false,"template":"","format":"standard","meta":{"_joinchat":[],"footnotes":""},"categories":[30,61],"tags":[],"class_list":{"0":"post-57025","1":"post","2":"type-post","3":"status-publish","4":"format-standard","5":"has-post-thumbnail","7":"category-policiales","8":"category-regionales"},"_links":{"self":[{"href":"https:\/\/infovera.com.ar\/web\/wp-json\/wp\/v2\/posts\/57025","targetHints":{"allow":["GET"]}}],"collection":[{"href":"https:\/\/infovera.com.ar\/web\/wp-json\/wp\/v2\/posts"}],"about":[{"href":"https:\/\/infovera.com.ar\/web\/wp-json\/wp\/v2\/types\/post"}],"author":[{"embeddable":true,"href":"https:\/\/infovera.com.ar\/web\/wp-json\/wp\/v2\/users\/3"}],"replies":[{"embeddable":true,"href":"https:\/\/infovera.com.ar\/web\/wp-json\/wp\/v2\/comments?post=57025"}],"version-history":[{"count":0,"href":"https:\/\/infovera.com.ar\/web\/wp-json\/wp\/v2\/posts\/57025\/revisions"}],"wp:featuredmedia":[{"embeddable":true,"href":"https:\/\/infovera.com.ar\/web\/wp-json\/wp\/v2\/media\/57026"}],"wp:attachment":[{"href":"https:\/\/infovera.com.ar\/web\/wp-json\/wp\/v2\/media?parent=57025"}],"wp:term":[{"taxonomy":"category","embeddable":true,"href":"https:\/\/infovera.com.ar\/web\/wp-json\/wp\/v2\/categories?post=57025"},{"taxonomy":"post_tag","embeddable":true,"href":"https:\/\/infovera.com.ar\/web\/wp-json\/wp\/v2\/tags?post=57025"}],"curies":[{"name":"wp","href":"https:\/\/api.w.org\/{rel}","templated":true}]}}