{"id":56977,"date":"2024-11-12T07:46:44","date_gmt":"2024-11-12T10:46:44","guid":{"rendered":"https:\/\/infovera.com.ar\/web\/?p=56977"},"modified":"2024-11-12T16:26:10","modified_gmt":"2024-11-12T19:26:10","slug":"denunciaron-al-personal-del-comando-que-irrumpio-en-un-casa-del-barrio-la-cortada","status":"publish","type":"post","link":"https:\/\/infovera.com.ar\/web\/2024\/11\/12\/denunciaron-al-personal-del-comando-que-irrumpio-en-un-casa-del-barrio-la-cortada\/","title":{"rendered":"Denunciaron al personal del Comando que irrumpi\u00f3 en un casa del barrio La Cortada"},"content":{"rendered":"<p>La presentaci\u00f3n fue realizada en sede policial por la propietaria de la vivienda.<\/p>\n<p>Alicia Amelia G. formul\u00f3 una denuncia contra los efectivos del Comando que llevaron adelante un procedimiento por robo de una moto.<\/p>\n<p>La mujer dio cuenta que en la tarde del s\u00e1bado, alrededor de las 15:40, un grupo de polic\u00edas ingres\u00f3 a su domicilio de calle Estanislao L\u00f3pez 1045 de Vera &#8220;sin orden&#8221;, en forma brusca y agresiva.<\/p>\n<p>Seg\u00fan su relato, a esa hora se encontraba en su domicilio &#8220;cuando en ese momento viene mi nieta y me da aviso que en el pasillo se encontraba la polic\u00eda, por lo que me acerco hacia afuera y \u00e9stos ingresan bruscamente; de mala manera y muy agresivos, comienzan a decirme que buscaban al llamado Jorge C., el cual ser\u00eda la pareja de mi nieta&#8221;.<\/p>\n<p>Tras responder que el buscado estaba durmiendo y que ir\u00eda a despertarlo, los polic\u00edas &#8220;ingresaron a mi sitio sin permiso, cuando \u00e9stos ingresan a la casa un polic\u00eda me empuja, el cual conozco como G., por lo que caigo al piso y me raspo la pierna izquierda. En ese momento hab\u00eda ni\u00f1os, estaban mis nietas sentadas afuera&#8221;.<\/p>\n<p>Enumer\u00f3 que los agentes de seguridad eran alrededor de 8 uniformados, 5 hombres y 3 mujeres, los cuales &#8220;comenzaron a golpear dentro de la casa a Jorge C. y le dec\u00edan a los gritos &#8216;d\u00f3nde est\u00e1 la moto, estamos buscando la moto, tenemos videos&#8217;. A lo que Jorge C. les dec\u00eda que le mostraran dichos videos y si ten\u00edan alguna orden, pero estos polic\u00edas no le mostraron nada y lo llevaron hacia afuera, dej\u00e1ndolo en el patio&#8221;.<\/p>\n<p>A esa altura de los acontecimientos, el cuadr\u00f3 empeor\u00f3: &#8220;Estando en el patio, otro polic\u00eda efectu\u00f3 un disparo al aire con la escopeta, luego la toma otro polic\u00eda y \u00e9ste le efectu\u00f3 un disparo a mi perra, lastim\u00e1ndola&#8221;, describi\u00f3, para agregar que el mismo polic\u00eda &#8220;saca su arma de la cintura y la apunta al marido de mi nieta, llamado Gabriel B., ya que Gabriel intentaba calmar al personal policial&#8221;.<\/p>\n<p>Esta jubilada de 66 a\u00f1os insisti\u00f3 con que &#8220;estos polic\u00edas en ning\u00fan momento me mostraron si ten\u00edan una orden, ingresaron agresivamente, golpearon a C. pidi\u00e9ndole la moto, observaron el lugar, al darse cuenta que no hab\u00eda nada estos se retiraron, pudiendo ver que eran alrededor de 4 patrulleros en total&#8221;.<\/p>\n<p>M\u00e1s adelante de su exposici\u00f3n, ofreci\u00f3 como testigos a sus nietas, a un novio de una de ellas y a Jorge C., y acus\u00f3 &#8220;un rasp\u00f3n en mi pierna izquierda, porque al ingresar a la casa me empujaron y ca\u00ed al piso, entraron sin ninguna orden. Quiero denunciar a todo el personal del comando que fue a mi casa y actuaron de mala manera&#8221;.<\/p>\n<p><strong>El caso<\/strong><\/p>\n<p>Personal policial de la Secci\u00f3n Comando Radioel\u00e9ctrico que el s\u00e1bado patrullaba el ejido urbano fue alertado sobre una posible comisi\u00f3n de delito, en el que un joven trasladar\u00eda una moto presumiblemente sustra\u00edda en la localidad de Malabrigo.<\/p>\n<p>Arribados la lugar, en el barrio La Ca\u00f1ada, a notar la presencia de los funcionarios policiales el joven opon\u00eda resistencia a la labor policial, respondiendo junto a otras personas con agresiones f\u00edsicas, insultos y agravios. Al punto que resultaron lesionados agentes policiales.<\/p>\n<p>A ra\u00edz de los hechos enunciados, los uniformados se retiraron del lugar a fin de evitar empeorar la situaci\u00f3n. Uno de los numerarios, el suboficial Tom\u00e1s Tedini, fue mordido por un pitbull.<\/p>\n<p>Fueron traslados al Hospital local donde recibieron atenci\u00f3n m\u00e9dica. La Unidad Regional XIX inform\u00f3 que se encuentran lesionados, fuera de peligro. La causa est\u00e1 caratulada como atentado y resistencia a la autoridad<\/p>\n<p>&nbsp;<\/p>\n","protected":false},"excerpt":{"rendered":"<p>La presentaci\u00f3n fue realizada en sede policial por la propietaria de la vivienda. Alicia Amelia G. formul\u00f3 una denuncia contra los efectivos del Comando que llevaron adelante un procedimiento por robo de una moto. La mujer dio cuenta que en la tarde del s\u00e1bado, alrededor de las 15:40, un grupo de polic\u00edas ingres\u00f3 a su [&hellip;]<\/p>\n","protected":false},"author":3,"featured_media":56985,"comment_status":"closed","ping_status":"closed","sticky":false,"template":"","format":"standard","meta":{"_joinchat":[],"footnotes":""},"categories":[30,53],"tags":[],"class_list":{"0":"post-56977","1":"post","2":"type-post","3":"status-publish","4":"format-standard","5":"has-post-thumbnail","7":"category-policiales","8":"category-vera"},"_links":{"self":[{"href":"https:\/\/infovera.com.ar\/web\/wp-json\/wp\/v2\/posts\/56977","targetHints":{"allow":["GET"]}}],"collection":[{"href":"https:\/\/infovera.com.ar\/web\/wp-json\/wp\/v2\/posts"}],"about":[{"href":"https:\/\/infovera.com.ar\/web\/wp-json\/wp\/v2\/types\/post"}],"author":[{"embeddable":true,"href":"https:\/\/infovera.com.ar\/web\/wp-json\/wp\/v2\/users\/3"}],"replies":[{"embeddable":true,"href":"https:\/\/infovera.com.ar\/web\/wp-json\/wp\/v2\/comments?post=56977"}],"version-history":[{"count":0,"href":"https:\/\/infovera.com.ar\/web\/wp-json\/wp\/v2\/posts\/56977\/revisions"}],"wp:featuredmedia":[{"embeddable":true,"href":"https:\/\/infovera.com.ar\/web\/wp-json\/wp\/v2\/media\/56985"}],"wp:attachment":[{"href":"https:\/\/infovera.com.ar\/web\/wp-json\/wp\/v2\/media?parent=56977"}],"wp:term":[{"taxonomy":"category","embeddable":true,"href":"https:\/\/infovera.com.ar\/web\/wp-json\/wp\/v2\/categories?post=56977"},{"taxonomy":"post_tag","embeddable":true,"href":"https:\/\/infovera.com.ar\/web\/wp-json\/wp\/v2\/tags?post=56977"}],"curies":[{"name":"wp","href":"https:\/\/api.w.org\/{rel}","templated":true}]}}