{"id":56847,"date":"2024-11-08T12:10:49","date_gmt":"2024-11-08T15:10:49","guid":{"rendered":"https:\/\/infovera.com.ar\/web\/?p=56847"},"modified":"2024-11-08T12:10:49","modified_gmt":"2024-11-08T15:10:49","slug":"octubre-rosa-en-un-mes-se-realizaron-139-mas-de-mamografias","status":"publish","type":"post","link":"https:\/\/infovera.com.ar\/web\/2024\/11\/08\/octubre-rosa-en-un-mes-se-realizaron-139-mas-de-mamografias\/","title":{"rendered":"Octubre Rosa: en un mes se realizaron 139 % m\u00e1s de mamograf\u00edas"},"content":{"rendered":"<p>La campa\u00f1a que impuls\u00f3 el Ministerio de Salud de la Provincia, a trav\u00e9s de su Agencia Provincial de Control del C\u00e1ncer, alcanz\u00f3 a 4.756 mujeres. Durante octubre se sum\u00f3 el Servicio de Mamograf\u00eda en el Samco de Coronda, y se pusieron en marcha nuevos equipos en los hospitales Eva Per\u00f3n, de Granadero Baigorria; y en el Provincial de Rosario.<\/p>\n<p>La campa\u00f1a Octubre Rosa permiti\u00f3 que en Santa Fe se realicen el pasado mes el doble y en algunas localidades el triple de las mamograf\u00edas que suelen realizarse en promedio cada mes. Con esta acci\u00f3n, el Gobierno de la Provincia de Santa Fe acerc\u00f3 a mujeres la posibilidad de realizarse una mamograf\u00eda de control facilitando acceso, sin turno ni indicaci\u00f3n previa. Adem\u00e1s de realizar el estudio en forma gratuita, participaron en charlas, caminatas y acciones de prevenci\u00f3n del c\u00e1ncer de mama.<\/p>\n<p>Algunos efectores duplicaron la cantidad de estudios que realizan habitualmente, tal como sucedi\u00f3 en el Samco de Ceres y en Cemafe, en Santa Fe. \u201cEstos datos muestran el resultado de un trabajo que impuls\u00f3 acciones concretas y coordinadas para acercar a las mujeres a sus controles de salud\u201d, resalt\u00f3 el director de la Agencia de C\u00e1ncer, Alejandro Chinellato.<\/p>\n<p>En esa l\u00ednea, se\u00f1al\u00f3 que Octubre Rosa incluy\u00f3 el aumento de turnos y atenci\u00f3n horaria en los 30 mam\u00f3grafos del sistema de salud p\u00fablico provincial, adem\u00e1s de actividades de concientizaci\u00f3n en distintos municipios y localidades, que incluyeron m\u00e1s de 20 charlas organizadas en escuelas, centros comunitarios y hospitales. \u201cSin dudas -agreg\u00f3 el director de la Agencia-, los hitos de este mes tienen que ver con hechos como la creaci\u00f3n del servicio en el Samco de Coronda y la puesta en marcha de dos mam\u00f3grafos nuevos en el Hospital Escuela \u201cEva Per\u00f3n\u201d, de Granadero Baigorria; y en el Provincial, de Rosario, que fueron enviados por Naci\u00f3n para reemplazar los equipos que ten\u00edan esos efectores del tercer nivel, y que estuvieron operativos a mediados de octubre\u201d.<\/p>\n<p>M\u00e1s controles<\/p>\n<p>En relaci\u00f3n a los datos que arroj\u00f3 este per\u00edodo, y se contin\u00faan analizando, remarc\u00f3 que \u201cel n\u00famero de mamograf\u00edas realizadas en octubre aument\u00f3 un 139 % respecto del mes anterior, reflejando el impacto de la campa\u00f1a en la toma de conciencia de la importancia de este estudio\u201d. Adem\u00e1s se\u00f1al\u00f3 que \u201ccomo los servicios trabajaron con agenda completa durante octubre, se programaron m\u00e1s estudios para el mes de noviembre y hasta diciembre por lo que las acciones de Octubre Rosa se prolongan m\u00e1s all\u00e1 en el tiempo. El desaf\u00edo que tenemos por delante, como nos pidi\u00f3 el gobernador Maximiliano Pullaro y la ministra Silvia Ciancio, es sostener este mensaje que cobra visibilidad cada a\u00f1o, para que las mujeres se acerquen todo el a\u00f1o a realizar los controles\u201d.<\/p>\n<p>Durante todo el mes se trabaj\u00f3 en la distribuci\u00f3n de materiales informativos y junto a las organizaciones y gobiernos locales se realizaron las exitosas caminatas que sumaron a m\u00e1s de 8.000 personas. \u201cEstas conmovedoras manifestaciones en distintas ciudades y comunas de la provincia son un claro mensaje sobre la importancia de la detecci\u00f3n temprana del c\u00e1ncer de mama, un tipo de c\u00e1ncer que detectado a tiempo puede curarse\u201d, resalt\u00f3 Chinellato.<\/p>\n<p>En Coronda<\/p>\n<p>Un hito en la campa\u00f1a fue el trabajo del \u00faltimo servicio de mamograf\u00eda habilitado por el Gobierno provincial, en la ciudad de Coronda, que fortalece a una regi\u00f3n con esta herramienta de detecci\u00f3n temprana. El desglose de la atenci\u00f3n de este nuevo servicio confirma la importancia de acompa\u00f1ar con pol\u00edticas p\u00fablicas e inversiones la concientizaci\u00f3n por la tem\u00e1tica oncol\u00f3gica.<\/p>\n<p>El nuevo mam\u00f3grafo comenz\u00f3 a operar el 8 de octubre en el Samco, ofreciendo un promedio de cinco turnos diarios de lunes a viernes. En su primer mes de funcionamiento, esta tecnolog\u00eda ampl\u00eda las posibilidades de acceso a mamograf\u00edas en la regi\u00f3n, fortaleciendo las iniciativas de detecci\u00f3n temprana de c\u00e1ncer de mama.<\/p>\n<p>En el transcurso del primer mes se realizaron unas 90 mamograf\u00edas, de las cuales el 65 % correspondi\u00f3 a mujeres que no ten\u00edan un control anual previo, de hecho la mitad de ellas no se hab\u00edan realizado una mamograf\u00eda en los cinco a\u00f1os anteriores. Otro dato auspicioso es que el 30 % de las primeras mamograf\u00edas realizadas en ese efector, fueron en mujeres que se realizaron este estudio por primera vez.<\/p>\n","protected":false},"excerpt":{"rendered":"<p>La campa\u00f1a que impuls\u00f3 el Ministerio de Salud de la Provincia, a trav\u00e9s de su Agencia Provincial de Control del C\u00e1ncer, alcanz\u00f3 a 4.756 mujeres. Durante octubre se sum\u00f3 el Servicio de Mamograf\u00eda en el Samco de Coronda, y se pusieron en marcha nuevos equipos en los hospitales Eva Per\u00f3n, de Granadero Baigorria; y en [&hellip;]<\/p>\n","protected":false},"author":3,"featured_media":56848,"comment_status":"closed","ping_status":"closed","sticky":false,"template":"","format":"standard","meta":{"_joinchat":[],"footnotes":""},"categories":[60],"tags":[],"class_list":{"0":"post-56847","1":"post","2":"type-post","3":"status-publish","4":"format-standard","5":"has-post-thumbnail","7":"category-provinciales"},"_links":{"self":[{"href":"https:\/\/infovera.com.ar\/web\/wp-json\/wp\/v2\/posts\/56847","targetHints":{"allow":["GET"]}}],"collection":[{"href":"https:\/\/infovera.com.ar\/web\/wp-json\/wp\/v2\/posts"}],"about":[{"href":"https:\/\/infovera.com.ar\/web\/wp-json\/wp\/v2\/types\/post"}],"author":[{"embeddable":true,"href":"https:\/\/infovera.com.ar\/web\/wp-json\/wp\/v2\/users\/3"}],"replies":[{"embeddable":true,"href":"https:\/\/infovera.com.ar\/web\/wp-json\/wp\/v2\/comments?post=56847"}],"version-history":[{"count":0,"href":"https:\/\/infovera.com.ar\/web\/wp-json\/wp\/v2\/posts\/56847\/revisions"}],"wp:featuredmedia":[{"embeddable":true,"href":"https:\/\/infovera.com.ar\/web\/wp-json\/wp\/v2\/media\/56848"}],"wp:attachment":[{"href":"https:\/\/infovera.com.ar\/web\/wp-json\/wp\/v2\/media?parent=56847"}],"wp:term":[{"taxonomy":"category","embeddable":true,"href":"https:\/\/infovera.com.ar\/web\/wp-json\/wp\/v2\/categories?post=56847"},{"taxonomy":"post_tag","embeddable":true,"href":"https:\/\/infovera.com.ar\/web\/wp-json\/wp\/v2\/tags?post=56847"}],"curies":[{"name":"wp","href":"https:\/\/api.w.org\/{rel}","templated":true}]}}