{"id":56835,"date":"2024-11-08T09:40:58","date_gmt":"2024-11-08T12:40:58","guid":{"rendered":"https:\/\/infovera.com.ar\/web\/?p=56835"},"modified":"2024-11-09T09:36:15","modified_gmt":"2024-11-09T12:36:15","slug":"arresto-civil-en-vera-un-joven-fue-aprehendido-por-un-vecino-por-intentar-robar-una-garrafa","status":"publish","type":"post","link":"https:\/\/infovera.com.ar\/web\/2024\/11\/08\/arresto-civil-en-vera-un-joven-fue-aprehendido-por-un-vecino-por-intentar-robar-una-garrafa\/","title":{"rendered":"Arresto civil en Vera: un joven fue aprehendido por un vecino tras intentar robar una garrafa"},"content":{"rendered":"<p>A las 15:30 del jueves, personal del Comando Radioel\u00e9ctrico fue comisionado por la operadora en turno en una vivienda de zona norte de Vera por presunto hecho delictivo.<\/p>\n<p>Arribados los agentes, en el lugar el due\u00f1o de casa reten\u00eda a un joven quien momentos antes fuera sorprendido realizando maniobras con el fin de sustraer una garrafa desde el patio de la finca.<\/p>\n<p>Se trat\u00f3 de un joven de 22 a\u00f1os domiciliado en esta ciudad; fue trasladado a la sede policial, posteriormente alojado en la alcaid\u00eda en calidad de aprehendido.<\/p>\n","protected":false},"excerpt":{"rendered":"<p>A las 15:30 del jueves, personal del Comando Radioel\u00e9ctrico fue comisionado por la operadora en turno en una vivienda de zona norte de Vera por presunto hecho delictivo. Arribados los agentes, en el lugar el due\u00f1o de casa reten\u00eda a un joven quien momentos antes fuera sorprendido realizando maniobras con el fin de sustraer una [&hellip;]<\/p>\n","protected":false},"author":3,"featured_media":56836,"comment_status":"closed","ping_status":"closed","sticky":false,"template":"","format":"standard","meta":{"_joinchat":[],"footnotes":""},"categories":[30,53],"tags":[],"class_list":{"0":"post-56835","1":"post","2":"type-post","3":"status-publish","4":"format-standard","5":"has-post-thumbnail","7":"category-policiales","8":"category-vera"},"_links":{"self":[{"href":"https:\/\/infovera.com.ar\/web\/wp-json\/wp\/v2\/posts\/56835","targetHints":{"allow":["GET"]}}],"collection":[{"href":"https:\/\/infovera.com.ar\/web\/wp-json\/wp\/v2\/posts"}],"about":[{"href":"https:\/\/infovera.com.ar\/web\/wp-json\/wp\/v2\/types\/post"}],"author":[{"embeddable":true,"href":"https:\/\/infovera.com.ar\/web\/wp-json\/wp\/v2\/users\/3"}],"replies":[{"embeddable":true,"href":"https:\/\/infovera.com.ar\/web\/wp-json\/wp\/v2\/comments?post=56835"}],"version-history":[{"count":0,"href":"https:\/\/infovera.com.ar\/web\/wp-json\/wp\/v2\/posts\/56835\/revisions"}],"wp:featuredmedia":[{"embeddable":true,"href":"https:\/\/infovera.com.ar\/web\/wp-json\/wp\/v2\/media\/56836"}],"wp:attachment":[{"href":"https:\/\/infovera.com.ar\/web\/wp-json\/wp\/v2\/media?parent=56835"}],"wp:term":[{"taxonomy":"category","embeddable":true,"href":"https:\/\/infovera.com.ar\/web\/wp-json\/wp\/v2\/categories?post=56835"},{"taxonomy":"post_tag","embeddable":true,"href":"https:\/\/infovera.com.ar\/web\/wp-json\/wp\/v2\/tags?post=56835"}],"curies":[{"name":"wp","href":"https:\/\/api.w.org\/{rel}","templated":true}]}}