{"id":56797,"date":"2024-11-06T18:42:14","date_gmt":"2024-11-06T21:42:14","guid":{"rendered":"https:\/\/infovera.com.ar\/web\/?p=56797"},"modified":"2024-11-06T18:42:14","modified_gmt":"2024-11-06T21:42:14","slug":"se-detecto-el-primer-caso-autoctono-de-dengue-en-la-provincia-de-santa-fe","status":"publish","type":"post","link":"https:\/\/infovera.com.ar\/web\/2024\/11\/06\/se-detecto-el-primer-caso-autoctono-de-dengue-en-la-provincia-de-santa-fe\/","title":{"rendered":"Se detect\u00f3 el primer caso aut\u00f3ctono de dengue en la provincia de Santa Fe"},"content":{"rendered":"<p>Se trata de un var\u00f3n de 59 a\u00f1os, que reside en el Departamento Castellanos, y no tiene antecedentes de viaje. Fue atendido en un efector privado y contin\u00faa su recuperaci\u00f3n de manera ambulatoria con buen estado de salud. Se reitera la importancia de las medidas de prevenci\u00f3n.<\/p>\n<p>El Ministerio Salud de la provincia de Santa Fe informa el primer caso aut\u00f3ctono de dengue de la temporada 2024-2025, confirmado por laboratorio, correspondiente al serotipo DEN-1. Se trata del primero despu\u00e9s de cuatro meses sin casos aut\u00f3ctonos.<br \/>\nDe esta manera, la provincia de Santa Fe se suma a otras siete jurisdicciones que ya hab\u00edan informado la detecci\u00f3n de casos aut\u00f3ctonos: Chaco, Formosa, provincia de Buenos Aires, C\u00f3rdoba, Mendoza, Tucum\u00e1n y Ciudad Aut\u00f3noma de Buenos Aires.<\/p>\n<p>El paciente es un var\u00f3n de 59 a\u00f1os, que reside en el Departamento Castellanos y no contaba con antecedentes de viaje a otras provincias o al exterior. Fue atendido en una cl\u00ednica privada y contin\u00faa su recuperaci\u00f3n de manera ambulatoria, con buen estado de salud.<\/p>\n<p>La directora de Prevenci\u00f3n y Promoci\u00f3n de la Salud, Anal\u00eda Chumpitaz, precis\u00f3 que \u201cen los d\u00edas previos a la confirmaci\u00f3n por laboratorio, se realizaron las acciones de bloqueo para detectar y eliminar criaderos y mosquitos en la zona cercana a la residencia de la persona que presentaba s\u00edntomas, se hizo la fumigaci\u00f3n intradomiciliaria y espacial correspondiente, adem\u00e1s de recordar a la comunidad las medidas de prevenci\u00f3n y detectar si hay personas con s\u00edndrome febril. Hasta el momento no se encontraron personas con s\u00edntomas compatibles con la enfermedad\u201d.<\/p>\n<p>Objetivo Dengue<\/p>\n<p>A comienzos de octubre el Gobierno de la Provincia inform\u00f3 que las medidas de control sobre el vector que transmite la enfermedad, en el marco del Programa Objetivo Dengue, hab\u00edan permitido detectar la presencia del mosquito Aedes aegypti, en dispositivos sensores de 10 localidades del territorio. La aparici\u00f3n de este caso aut\u00f3ctono implica la existencia de transmisi\u00f3n local del virus y, por consiguiente y ante la presencia del mosquito, la posibilidad de que se produzcan brotes de la infecci\u00f3n en la provincia.<\/p>\n<p>Por eso, a la vez que se refuerzan las medidas de vigilancia epidemiol\u00f3gica y notificaci\u00f3n de los equipos de salud, se solicita a la poblaci\u00f3n intensificar las medidas de prevenci\u00f3n en el domicilio, desechando el agua que puede acumularse en recipientes en desuso donde se puede reproducir el mosquito.<\/p>\n<p>Es importante realizar la consulta m\u00e9dica, si se presentan dos \u00f3 m\u00e1s de estos s\u00edntomas: fiebre elevada de inicio brusco; dolor de cabeza, detr\u00e1s de los ojos, dolores musculares y articulares; n\u00e1useas y v\u00f3mitos, sarpullido que puede picar.<\/p>\n<p>Se recuerda a quienes viajen a zonas end\u00e9micas del pa\u00eds o el exterior, usar repelente durante toda la estad\u00eda; y si al volver presentan s\u00edntomas, deben realizar la consulta y referir el antecedentes de viaje.<\/p>\n<p>El Programa Objetivo Dengue fue lanzado a comienzos de agosto, con un abordaje no s\u00f3lo del \u00e1rea de Salud, como se ha hecho tradicionalmente. Es un plan interministerial que apunta a abordar la problem\u00e1tica desde una mirada integral, trabajando tambi\u00e9n en la prevenci\u00f3n y la concientizaci\u00f3n de la enfermedad, por lo que intervienen los ministerios de Gobierno e Innovaci\u00f3n P\u00fablica, Ambiente y Cambio Clim\u00e1tico, Educaci\u00f3n, e Igualdad y Desarrollo Humano, con la coordinaci\u00f3n de la Secretar\u00eda de Cooperaci\u00f3n.<\/p>\n","protected":false},"excerpt":{"rendered":"<p>Se trata de un var\u00f3n de 59 a\u00f1os, que reside en el Departamento Castellanos, y no tiene antecedentes de viaje. Fue atendido en un efector privado y contin\u00faa su recuperaci\u00f3n de manera ambulatoria con buen estado de salud. Se reitera la importancia de las medidas de prevenci\u00f3n. El Ministerio Salud de la provincia de Santa [&hellip;]<\/p>\n","protected":false},"author":3,"featured_media":56798,"comment_status":"closed","ping_status":"closed","sticky":false,"template":"","format":"standard","meta":{"_joinchat":[],"footnotes":""},"categories":[60],"tags":[],"class_list":{"0":"post-56797","1":"post","2":"type-post","3":"status-publish","4":"format-standard","5":"has-post-thumbnail","7":"category-provinciales"},"_links":{"self":[{"href":"https:\/\/infovera.com.ar\/web\/wp-json\/wp\/v2\/posts\/56797","targetHints":{"allow":["GET"]}}],"collection":[{"href":"https:\/\/infovera.com.ar\/web\/wp-json\/wp\/v2\/posts"}],"about":[{"href":"https:\/\/infovera.com.ar\/web\/wp-json\/wp\/v2\/types\/post"}],"author":[{"embeddable":true,"href":"https:\/\/infovera.com.ar\/web\/wp-json\/wp\/v2\/users\/3"}],"replies":[{"embeddable":true,"href":"https:\/\/infovera.com.ar\/web\/wp-json\/wp\/v2\/comments?post=56797"}],"version-history":[{"count":0,"href":"https:\/\/infovera.com.ar\/web\/wp-json\/wp\/v2\/posts\/56797\/revisions"}],"wp:featuredmedia":[{"embeddable":true,"href":"https:\/\/infovera.com.ar\/web\/wp-json\/wp\/v2\/media\/56798"}],"wp:attachment":[{"href":"https:\/\/infovera.com.ar\/web\/wp-json\/wp\/v2\/media?parent=56797"}],"wp:term":[{"taxonomy":"category","embeddable":true,"href":"https:\/\/infovera.com.ar\/web\/wp-json\/wp\/v2\/categories?post=56797"},{"taxonomy":"post_tag","embeddable":true,"href":"https:\/\/infovera.com.ar\/web\/wp-json\/wp\/v2\/tags?post=56797"}],"curies":[{"name":"wp","href":"https:\/\/api.w.org\/{rel}","templated":true}]}}