{"id":56760,"date":"2024-11-06T08:42:27","date_gmt":"2024-11-06T11:42:27","guid":{"rendered":"https:\/\/infovera.com.ar\/web\/?p=56760"},"modified":"2024-11-06T12:59:36","modified_gmt":"2024-11-06T15:59:36","slug":"obras-para-vera","status":"publish","type":"post","link":"https:\/\/infovera.com.ar\/web\/2024\/11\/06\/obras-para-vera\/","title":{"rendered":"Obras para Vera"},"content":{"rendered":"<p>De acuerdo a una tarea conjunta entre la intendente Paula Mitre y el senador Osvaldo Sosa se han logrado incluir obras fundamentales y de vital importancia para la ciudad y el departamento en el proyecto de Presupuesto 2025 del gobierno provincial; donde se logr\u00f3 poner \u00e9nfasis en las demandas locales en base al aporte de los propios intendentes y presidentes comunales.<\/p>\n<p>En este anuncio compartido aclararon que \u201cson obras incluidas pero no son todas las que necesitamos\u201d.<\/p>\n<p>No obstante fueron optimistas en cuanto a aquellas que se observan con grandes perspectivas de futuro para el potencial desarrollo de la ciudad y la regi\u00f3n, tal el caso del aporte financiero para la instalaci\u00f3n del Parque Industrial, el plan de 72 viviendas, el Cuartel de Bomberos, el levantamiento y alcantarillado de la Ruta 83-S, la pileta para el Polideportivo y la construcci\u00f3n del edificio propio para la EESO N\u00ba 259, entre otras; pero el mejor anuncio, sin dudas, es la llegada del gas natural a Calchaqu\u00ed, Margarita y Vera que marcar\u00e1 el progreso de estas comunidades.<\/p>\n<p>Tanto el senador Sosa como la intendente Mitre conf\u00edan en que ambas c\u00e1maras voten favorablemente el proyecto para tratar de cumplirlo de la manera m\u00e1s efectiva posible, dado que posiblemente &#8220;no ser\u00e1n obras indispensables pero para nosotros son necesarias&#8221;.<\/p>\n<p>Letyana Press<\/p>\n","protected":false},"excerpt":{"rendered":"<p>De acuerdo a una tarea conjunta entre la intendente Paula Mitre y el senador Osvaldo Sosa se han logrado incluir obras fundamentales y de vital importancia para la ciudad y el departamento en el proyecto de Presupuesto 2025 del gobierno provincial; donde se logr\u00f3 poner \u00e9nfasis en las demandas locales en base al aporte de [&hellip;]<\/p>\n","protected":false},"author":3,"featured_media":56761,"comment_status":"closed","ping_status":"closed","sticky":false,"template":"","format":"standard","meta":{"_joinchat":[],"footnotes":""},"categories":[53],"tags":[],"class_list":{"0":"post-56760","1":"post","2":"type-post","3":"status-publish","4":"format-standard","5":"has-post-thumbnail","7":"category-vera"},"_links":{"self":[{"href":"https:\/\/infovera.com.ar\/web\/wp-json\/wp\/v2\/posts\/56760","targetHints":{"allow":["GET"]}}],"collection":[{"href":"https:\/\/infovera.com.ar\/web\/wp-json\/wp\/v2\/posts"}],"about":[{"href":"https:\/\/infovera.com.ar\/web\/wp-json\/wp\/v2\/types\/post"}],"author":[{"embeddable":true,"href":"https:\/\/infovera.com.ar\/web\/wp-json\/wp\/v2\/users\/3"}],"replies":[{"embeddable":true,"href":"https:\/\/infovera.com.ar\/web\/wp-json\/wp\/v2\/comments?post=56760"}],"version-history":[{"count":0,"href":"https:\/\/infovera.com.ar\/web\/wp-json\/wp\/v2\/posts\/56760\/revisions"}],"wp:featuredmedia":[{"embeddable":true,"href":"https:\/\/infovera.com.ar\/web\/wp-json\/wp\/v2\/media\/56761"}],"wp:attachment":[{"href":"https:\/\/infovera.com.ar\/web\/wp-json\/wp\/v2\/media?parent=56760"}],"wp:term":[{"taxonomy":"category","embeddable":true,"href":"https:\/\/infovera.com.ar\/web\/wp-json\/wp\/v2\/categories?post=56760"},{"taxonomy":"post_tag","embeddable":true,"href":"https:\/\/infovera.com.ar\/web\/wp-json\/wp\/v2\/tags?post=56760"}],"curies":[{"name":"wp","href":"https:\/\/api.w.org\/{rel}","templated":true}]}}