{"id":56713,"date":"2024-11-04T18:09:59","date_gmt":"2024-11-04T21:09:59","guid":{"rendered":"https:\/\/infovera.com.ar\/web\/?p=56713"},"modified":"2024-11-05T18:58:43","modified_gmt":"2024-11-05T21:58:43","slug":"desplazaron-al-jefe-del-comando-por-una-denuncia-que-investiga-asuntos-internos","status":"publish","type":"post","link":"https:\/\/infovera.com.ar\/web\/2024\/11\/04\/desplazaron-al-jefe-del-comando-por-una-denuncia-que-investiga-asuntos-internos\/","title":{"rendered":"Desplazaron al jefe del Comando por una denuncia que investiga Asuntos Internos"},"content":{"rendered":"<p>En las \u00faltimas horas asumi\u00f3 al frente del Comando Radioel\u00e9ctrico de Vera el inspector Mauricio Romeggio, quien se ven\u00eda desempe\u00f1ando como subjefe de la secci\u00f3n.<\/p>\n<p>El funcionario policial fue ascendido en su rol luego del pase a disponibilidad del titular C. B., que hab\u00eda sido puesto en funciones en junio pasado.<\/p>\n<p>La denuncia que deriv\u00f3 en la medida preventiva fue realizada por una agente policial de apellido R. que integra el grupo que patrulla las calles de Vera, y estar\u00eda relacionada con un tema laboral de g\u00e9nero en el marco de las tareas diarias que se cumplen dentro del Comando, de acuerdo a fuentes policiales.<\/p>\n<p>Desde la conducci\u00f3n de la Unidad Regional XIX confirmaron a <strong>InfoVera<\/strong> la novedad, se\u00f1alaron que se trata de una &#8220;disponibilidad preventiva&#8221; hasta tanto se dilucide la presentaci\u00f3n de la numeraria citada y dejaron en claro que &#8220;no se constat\u00f3 delito&#8221; en las actuaciones que lleva adelante la divisi\u00f3n Asuntos Internos de la Polic\u00eda, con lo cual la investigaci\u00f3n se centra en la faz administrativa.<\/p>\n<p>Al mismo tiempo, informaron que el inspector Mauricio Romeggio se hizo cargo de los destinos del Comando hasta nuevo aviso.<\/p>\n","protected":false},"excerpt":{"rendered":"<p>En las \u00faltimas horas asumi\u00f3 al frente del Comando Radioel\u00e9ctrico de Vera el inspector Mauricio Romeggio, quien se ven\u00eda desempe\u00f1ando como subjefe de la secci\u00f3n. El funcionario policial fue ascendido en su rol luego del pase a disponibilidad del titular C. B., que hab\u00eda sido puesto en funciones en junio pasado. La denuncia que deriv\u00f3 [&hellip;]<\/p>\n","protected":false},"author":3,"featured_media":33039,"comment_status":"closed","ping_status":"closed","sticky":false,"template":"","format":"standard","meta":{"_joinchat":[],"footnotes":""},"categories":[30,53],"tags":[],"class_list":{"0":"post-56713","1":"post","2":"type-post","3":"status-publish","4":"format-standard","5":"has-post-thumbnail","7":"category-policiales","8":"category-vera"},"_links":{"self":[{"href":"https:\/\/infovera.com.ar\/web\/wp-json\/wp\/v2\/posts\/56713","targetHints":{"allow":["GET"]}}],"collection":[{"href":"https:\/\/infovera.com.ar\/web\/wp-json\/wp\/v2\/posts"}],"about":[{"href":"https:\/\/infovera.com.ar\/web\/wp-json\/wp\/v2\/types\/post"}],"author":[{"embeddable":true,"href":"https:\/\/infovera.com.ar\/web\/wp-json\/wp\/v2\/users\/3"}],"replies":[{"embeddable":true,"href":"https:\/\/infovera.com.ar\/web\/wp-json\/wp\/v2\/comments?post=56713"}],"version-history":[{"count":0,"href":"https:\/\/infovera.com.ar\/web\/wp-json\/wp\/v2\/posts\/56713\/revisions"}],"wp:featuredmedia":[{"embeddable":true,"href":"https:\/\/infovera.com.ar\/web\/wp-json\/wp\/v2\/media\/33039"}],"wp:attachment":[{"href":"https:\/\/infovera.com.ar\/web\/wp-json\/wp\/v2\/media?parent=56713"}],"wp:term":[{"taxonomy":"category","embeddable":true,"href":"https:\/\/infovera.com.ar\/web\/wp-json\/wp\/v2\/categories?post=56713"},{"taxonomy":"post_tag","embeddable":true,"href":"https:\/\/infovera.com.ar\/web\/wp-json\/wp\/v2\/tags?post=56713"}],"curies":[{"name":"wp","href":"https:\/\/api.w.org\/{rel}","templated":true}]}}