{"id":56674,"date":"2024-11-03T21:55:14","date_gmt":"2024-11-04T00:55:14","guid":{"rendered":"https:\/\/infovera.com.ar\/web\/?p=56674"},"modified":"2024-11-03T21:55:14","modified_gmt":"2024-11-04T00:55:14","slug":"los-pumas-aclararon-un-abigeato-en-alejandra","status":"publish","type":"post","link":"https:\/\/infovera.com.ar\/web\/2024\/11\/03\/los-pumas-aclararon-un-abigeato-en-alejandra\/","title":{"rendered":"Los Pumas aclararon un abigeato en Alejandra"},"content":{"rendered":"<p>Los Pumas del Puesto Fijo Alejandra esclarecieron un hecho de abigeato simple.<\/p>\n<p>A ra\u00edz z de estar realizando patrullaje preventivo en la localidad, polic\u00edas rurales divisaron una motocicleta conducida por un hombre, el cual al notar la presencia de los efectivos arroj\u00f3 unas bolsas al costado del camino, por lo que proceden a realizar una persecuci\u00f3n para intentar identificar al mismo, quien aceler\u00f3 la marcha pretendiendo darse a la fuga.<\/p>\n<p>Los Pumas lograron que desista y proceden a la identificaci\u00f3n del individuo, posteriormente regresaron al lugar donde abr\u00eda arrojado elementos y realizaronn rastrillaje pedestre, observando detr\u00e1s de un alambre perimetral de un campo una bolsa tipo arpillera y otra tipo lona, color azul, que en su interior conten\u00edan diversos cortes c\u00e1rnicos, con cuero de pelaje negro de animal vacuno.<\/p>\n<p>Por tal motivo, aprehendieron al conductor de la motocicleta, haci\u00e9ndole saber sus derechos; y procedieron al secuestro preventivo de cortes c\u00e1rnicos de aproximadamente 105 kilos y 1 una moto, lo nombrado fue trasladado posteriormente a la dependencia policial.<\/p>\n<p>Luego de comunicarse con el fiscal de turno e inform\u00e1ndosele de los pormenores, \u00e9ste orden\u00f3 que el sujeto contin\u00fae aprehendido, que se le forme causa por abigeato simple, que se prosigan con las actuaciones de rigor y que se informe sobre el hecho ocurrido a la O.G.J Reconquista y a la defensora en turno.<\/p>\n<p>El s\u00e1bado se hizo presente en la secci\u00f3n quien ser\u00eda el damnificado. Por otra parte, el m\u00e9dico veterinario inform\u00f3 que los cortes c\u00e1rnicos secuestrados no eran aptos para el consumo humano. Por lo que procedieron a la desnaturalizados.<\/p>\n","protected":false},"excerpt":{"rendered":"<p>Los Pumas del Puesto Fijo Alejandra esclarecieron un hecho de abigeato simple. A ra\u00edz z de estar realizando patrullaje preventivo en la localidad, polic\u00edas rurales divisaron una motocicleta conducida por un hombre, el cual al notar la presencia de los efectivos arroj\u00f3 unas bolsas al costado del camino, por lo que proceden a realizar una [&hellip;]<\/p>\n","protected":false},"author":3,"featured_media":56675,"comment_status":"closed","ping_status":"closed","sticky":false,"template":"","format":"standard","meta":{"_joinchat":[],"footnotes":""},"categories":[30,61],"tags":[],"class_list":{"0":"post-56674","1":"post","2":"type-post","3":"status-publish","4":"format-standard","5":"has-post-thumbnail","7":"category-policiales","8":"category-regionales"},"_links":{"self":[{"href":"https:\/\/infovera.com.ar\/web\/wp-json\/wp\/v2\/posts\/56674","targetHints":{"allow":["GET"]}}],"collection":[{"href":"https:\/\/infovera.com.ar\/web\/wp-json\/wp\/v2\/posts"}],"about":[{"href":"https:\/\/infovera.com.ar\/web\/wp-json\/wp\/v2\/types\/post"}],"author":[{"embeddable":true,"href":"https:\/\/infovera.com.ar\/web\/wp-json\/wp\/v2\/users\/3"}],"replies":[{"embeddable":true,"href":"https:\/\/infovera.com.ar\/web\/wp-json\/wp\/v2\/comments?post=56674"}],"version-history":[{"count":0,"href":"https:\/\/infovera.com.ar\/web\/wp-json\/wp\/v2\/posts\/56674\/revisions"}],"wp:featuredmedia":[{"embeddable":true,"href":"https:\/\/infovera.com.ar\/web\/wp-json\/wp\/v2\/media\/56675"}],"wp:attachment":[{"href":"https:\/\/infovera.com.ar\/web\/wp-json\/wp\/v2\/media?parent=56674"}],"wp:term":[{"taxonomy":"category","embeddable":true,"href":"https:\/\/infovera.com.ar\/web\/wp-json\/wp\/v2\/categories?post=56674"},{"taxonomy":"post_tag","embeddable":true,"href":"https:\/\/infovera.com.ar\/web\/wp-json\/wp\/v2\/tags?post=56674"}],"curies":[{"name":"wp","href":"https:\/\/api.w.org\/{rel}","templated":true}]}}