{"id":56560,"date":"2024-10-29T17:31:38","date_gmt":"2024-10-29T20:31:38","guid":{"rendered":"https:\/\/infovera.com.ar\/web\/?p=56560"},"modified":"2024-10-29T17:31:38","modified_gmt":"2024-10-29T20:31:38","slug":"la-corte-rechazo-las-acusaciones-en-su-contra","status":"publish","type":"post","link":"https:\/\/infovera.com.ar\/web\/2024\/10\/29\/la-corte-rechazo-las-acusaciones-en-su-contra\/","title":{"rendered":"La Corte rechaz\u00f3 las acusaciones en su contra"},"content":{"rendered":"<p>Comunicado oficial del m\u00e1ximo tribunal de justicia de la provincia.<\/p>\n<p>A ra\u00edz de la reciente publicaci\u00f3n oficial volcada en la p\u00e1gina web de la provincia de Santa Fe (\u00a0https:\/\/www.santafe.gob.ar\/noticias\/noticia\/281545\/\u00a0) la Corte Suprema de Justicia de la Provincia manifiesta: Que la afirmaci\u00f3n all\u00ed contenida es falaz. Que es un hecho p\u00fablico y notorio que no puede ser desconocido por los funcionarios del Poder Ejecutivo, que el pago de los retroactivos de los empleados del Poder Judicial dependen de los ajustes presupuestarios que el Poder Ejecutivo debe materializar y que no son resorte de este M\u00e1ximo Tribunal Provincial. Que por lo dem\u00e1s y finalmente la Corte Suprema de Justicia como inveteradamente lo ha hecho reivindica el derecho de todos los trabajadores a percibir en tiempo y forma las sumas salariales previstas en el actual ordenamiento legal.<\/p>\n<p>CSJSF<\/p>\n<p>Santa Fe, 29 de octubre de 2024.<\/p>\n","protected":false},"excerpt":{"rendered":"<p>Comunicado oficial del m\u00e1ximo tribunal de justicia de la provincia. A ra\u00edz de la reciente publicaci\u00f3n oficial volcada en la p\u00e1gina web de la provincia de Santa Fe (\u00a0https:\/\/www.santafe.gob.ar\/noticias\/noticia\/281545\/\u00a0) la Corte Suprema de Justicia de la Provincia manifiesta: Que la afirmaci\u00f3n all\u00ed contenida es falaz. Que es un hecho p\u00fablico y notorio que no puede [&hellip;]<\/p>\n","protected":false},"author":3,"featured_media":56561,"comment_status":"closed","ping_status":"closed","sticky":false,"template":"","format":"standard","meta":{"_joinchat":[],"footnotes":""},"categories":[60],"tags":[],"class_list":{"0":"post-56560","1":"post","2":"type-post","3":"status-publish","4":"format-standard","5":"has-post-thumbnail","7":"category-provinciales"},"_links":{"self":[{"href":"https:\/\/infovera.com.ar\/web\/wp-json\/wp\/v2\/posts\/56560","targetHints":{"allow":["GET"]}}],"collection":[{"href":"https:\/\/infovera.com.ar\/web\/wp-json\/wp\/v2\/posts"}],"about":[{"href":"https:\/\/infovera.com.ar\/web\/wp-json\/wp\/v2\/types\/post"}],"author":[{"embeddable":true,"href":"https:\/\/infovera.com.ar\/web\/wp-json\/wp\/v2\/users\/3"}],"replies":[{"embeddable":true,"href":"https:\/\/infovera.com.ar\/web\/wp-json\/wp\/v2\/comments?post=56560"}],"version-history":[{"count":0,"href":"https:\/\/infovera.com.ar\/web\/wp-json\/wp\/v2\/posts\/56560\/revisions"}],"wp:featuredmedia":[{"embeddable":true,"href":"https:\/\/infovera.com.ar\/web\/wp-json\/wp\/v2\/media\/56561"}],"wp:attachment":[{"href":"https:\/\/infovera.com.ar\/web\/wp-json\/wp\/v2\/media?parent=56560"}],"wp:term":[{"taxonomy":"category","embeddable":true,"href":"https:\/\/infovera.com.ar\/web\/wp-json\/wp\/v2\/categories?post=56560"},{"taxonomy":"post_tag","embeddable":true,"href":"https:\/\/infovera.com.ar\/web\/wp-json\/wp\/v2\/tags?post=56560"}],"curies":[{"name":"wp","href":"https:\/\/api.w.org\/{rel}","templated":true}]}}