{"id":56513,"date":"2024-10-28T13:25:31","date_gmt":"2024-10-28T16:25:31","guid":{"rendered":"https:\/\/infovera.com.ar\/web\/?p=56513"},"modified":"2024-10-28T13:25:31","modified_gmt":"2024-10-28T16:25:31","slug":"maria-virginia-farah-unica-santafesina-seleccionada-en-el-certamen-nacional-docentes-que-inspiran","status":"publish","type":"post","link":"https:\/\/infovera.com.ar\/web\/2024\/10\/28\/maria-virginia-farah-unica-santafesina-seleccionada-en-el-certamen-nacional-docentes-que-inspiran\/","title":{"rendered":"Mar\u00eda Virginia Farah, \u00fanica santafesina seleccionada en el certamen nacional &#8220;Docentes que inspiran&#8221;"},"content":{"rendered":"<p>Es profesora de Arte y Artista Visual, egresada de la Escuela de Artes Visuales Profesor \u201cJuan Mantovani\u201d, ingres\u00f3 en la docencia en el a\u00f1o 1997, en la Escuela Primaria \u201cDra. Sara Faisal\u201d N\u00b01307, con alumnos integrados pertenecientes a la Escuela de Educaci\u00f3n Especial Doctora Sara Faisal N\u00b0 1429.<\/p>\n<p>\u201cMe apasion\u00e9 con mi escuela, con mi profesi\u00f3n, y disfrut\u00e9 infinitamente de mis estudiantes. Intensifiqu\u00e9 mi relaci\u00f3n con ellos y logr\u00e9 que emerjan sus capacidades de la mano de la propia creatividad; porque la inspiraci\u00f3n viene, pero como dice el maestro Picasso tiene que encontrarte trabajando\u201d confiesa.<\/p>\n<p>Se desempe\u00f1\u00f3 en la escuela Secundaria Dra. Sara Faisal, pero sin dejar de lado su carrera como artista pl\u00e1stica.<\/p>\n<p>Siempre le interes\u00f3 integrar la actividad docente con la comunidad, a partir de la participaci\u00f3n con diferentes artistas y propiciando las visitas de sus alumnos a lugares, museos, galer\u00edas, teatros, talleres de artistas locales y viajes culturales a otras ciudades, ella tiene la convicci\u00f3n que el Arte es de naturaleza integrador y es esa misma idea la que la abarca tanto desde la docencia como desde su actividad art\u00edstica, no concibe la vida sin arte.<\/p>\n<p>Fue una de las gestoras de la \u201cSemana de las Artes\u201d en la escuela Primaria y de las \u201cJornadas de Comunicaci\u00f3n\u201d en la escuela secundaria, con la participaci\u00f3n de artistas y profesionales de las diferentes disciplinas, como danza, teatro, pintura, cine, fotograf\u00eda, video, multimedia, comunicaci\u00f3n, entre otros.<\/p>\n<p>La Sala de Arte Sara Faisal, como la biblioteca especializada en Arte las siente su casa y un lugar de inspiraci\u00f3n que no s\u00f3lo disfrutan los alumnos de todas las Instituciones de la A.F.P Dra. Sara Faisal sino que es abierta a la Comunidad en forma totalmente gratuita.<br \/>\nDestac\u00f3 en su haber la Muestra \u201cGrandes Maestros\u201d \u2013Arte argentino 1890\u2013 2009: Quinquela Mart\u00edn, Emilio Petorutti, Raquel Forner, Antonio Berni, Le\u00f3nidas Gambarte, Jos\u00e9 Alonso, Santiago Cogorno y Leopoldo Presas.<\/p>\n<p>\u201cGestion\u00e9 traer obras de estos artistas porque me interesa que los alumnos tengan un panorama del Arte a nivel Nacional y con artistas de renombre internacional. Previamente a la inauguraci\u00f3n de la muestra, la directora de la galer\u00eda Zurbar\u00e1n en Santa Fe, realiz\u00f3 una charla con videos y power point para toda la comunidad, oportunidad en la que asisti\u00f3 gran cantidad de visitantes y estudiantes invitados de otras escuelas\u201d, agreg\u00f3.<\/p>\n<p>Los docentes dejan huellas en sus alumnos y se reflejan en cada recuerdo como el de Alejandro Gaspari que la tiene presente con \u201cmuch\u00edsimos momentos de nuestras clases de Arte, esas clases de experiencias donde romp\u00edamos el molde, estudi\u00e1bamos artistas y movimientos art\u00edsticos, no s\u00f3lo en la teor\u00eda sino en la pr\u00e1ctica. El aula se llenaba de colores, texturas, olores, sensaciones, materiales, sonidos\u201d.<\/p>\n<p>Tambi\u00e9n Victoria Verrengia habl\u00f3 de su profesora diciendo que \u201dVirginia nos ense\u00f1\u00f3 que el verdadero premio no era el reconocimiento sino el trabajo en equipo, la uni\u00f3n de nuestras habilidades y conocimientos para crear algo m\u00e1s grande que nosotros mismos, nos hizo ver que al lado nuestro siempre hay otro, y nos ayud\u00f3 a despertar la conciencia social\u201d.<\/p>\n<p>Estos testimonios abonaron su participaci\u00f3n en el certamen \u201cDocentes que Inspiran\u201d, una iniciativa de Clar\u00edn y Zurich que busca visibilizar aquellas historias que representan la excelencia docente y distinguir a esos educadores que dejan una huella en sus estudiantes y en sus comunidades.<\/p>\n<p>Virginia se postul\u00f3 con un proyecto que ella ide\u00f3 llamado \u201cEmbajada cultural \u2013 arte en la escuela.\u201d<\/p>\n<p>En la edici\u00f3n \u201cDocentes que Inspiran 2024\u201d hubo m\u00e1s de 2100 inscriptos y Virginia estuvo entre las 24 primeras seleccionadas, siendo la \u00fanica de la provincia de Santa Fe.<\/p>\n<p>A pesar de no haber llegado a la final rescat\u00f3 que \u201cla experiencia fue fant\u00e1stica y me permiti\u00f3 generar nuevos contactos con docentes comprometidos de distinto lugares del pa\u00eds y con proyectos magistrales con quienes queremos hacer intercambios, tambi\u00e9n reanud\u00e9 v\u00ednculos con ex alumnos y como si esto fuera poco logr\u00e9 poner en valor mi hacer desde la docencia\u201d<\/p>\n<p>Una de sus frases significativas es \u201ccreo que cada materia desde su especificidad en contenidos debiera ser la excusa para lograr mejores personas\u201d y nombra especialmente a la presidenta de la asociaci\u00f3n femenina de profesionales Mariela de Arc\u00e1ngelo quien desde un primer momento confi\u00f3 y habilit\u00f3 para que las cosas sucedieran; como as\u00ed su actual directora Eliana L\u00f3pez.<\/p>\n<p>Actualmente se encuentra en Vera, su ciudad natal donde, adem\u00e1s de visitar a su familia, tiene montado un taller improvisado para seguir creando, al tiempo que prepara una muestra para el a\u00f1o pr\u00f3ximo que, no duda, \u201ccausar\u00e1 un gran impacto en la sociedad verense\u201d.<br \/>\nCon esa impronta queda latente la curiosidad de ese proyecto que seguir\u00e1 d\u00e1ndole forma, en trazos y colores, en la cl\u00e1sica esquina c\u00e9ntrica donde sus abuelos plantaron bandera para identificar con su nombre el coraz\u00f3n de la ciudad.<\/p>\n<p>Letyana Press<\/p>\n","protected":false},"excerpt":{"rendered":"<p>Es profesora de Arte y Artista Visual, egresada de la Escuela de Artes Visuales Profesor \u201cJuan Mantovani\u201d, ingres\u00f3 en la docencia en el a\u00f1o 1997, en la Escuela Primaria \u201cDra. Sara Faisal\u201d N\u00b01307, con alumnos integrados pertenecientes a la Escuela de Educaci\u00f3n Especial Doctora Sara Faisal N\u00b0 1429. \u201cMe apasion\u00e9 con mi escuela, con mi [&hellip;]<\/p>\n","protected":false},"author":3,"featured_media":56514,"comment_status":"closed","ping_status":"closed","sticky":false,"template":"","format":"standard","meta":{"_joinchat":[],"footnotes":""},"categories":[40,36,53],"tags":[],"class_list":{"0":"post-56513","1":"post","2":"type-post","3":"status-publish","4":"format-standard","5":"has-post-thumbnail","7":"category-cultura","8":"category-sociedad","9":"category-vera"},"_links":{"self":[{"href":"https:\/\/infovera.com.ar\/web\/wp-json\/wp\/v2\/posts\/56513","targetHints":{"allow":["GET"]}}],"collection":[{"href":"https:\/\/infovera.com.ar\/web\/wp-json\/wp\/v2\/posts"}],"about":[{"href":"https:\/\/infovera.com.ar\/web\/wp-json\/wp\/v2\/types\/post"}],"author":[{"embeddable":true,"href":"https:\/\/infovera.com.ar\/web\/wp-json\/wp\/v2\/users\/3"}],"replies":[{"embeddable":true,"href":"https:\/\/infovera.com.ar\/web\/wp-json\/wp\/v2\/comments?post=56513"}],"version-history":[{"count":0,"href":"https:\/\/infovera.com.ar\/web\/wp-json\/wp\/v2\/posts\/56513\/revisions"}],"wp:featuredmedia":[{"embeddable":true,"href":"https:\/\/infovera.com.ar\/web\/wp-json\/wp\/v2\/media\/56514"}],"wp:attachment":[{"href":"https:\/\/infovera.com.ar\/web\/wp-json\/wp\/v2\/media?parent=56513"}],"wp:term":[{"taxonomy":"category","embeddable":true,"href":"https:\/\/infovera.com.ar\/web\/wp-json\/wp\/v2\/categories?post=56513"},{"taxonomy":"post_tag","embeddable":true,"href":"https:\/\/infovera.com.ar\/web\/wp-json\/wp\/v2\/tags?post=56513"}],"curies":[{"name":"wp","href":"https:\/\/api.w.org\/{rel}","templated":true}]}}