{"id":56503,"date":"2024-10-28T10:51:28","date_gmt":"2024-10-28T13:51:28","guid":{"rendered":"https:\/\/infovera.com.ar\/web\/?p=56503"},"modified":"2024-10-28T14:26:19","modified_gmt":"2024-10-28T17:26:19","slug":"un-menor-derrapo-con-su-moto-en-una-zona-de-baches-de-la-ruta-11","status":"publish","type":"post","link":"https:\/\/infovera.com.ar\/web\/2024\/10\/28\/un-menor-derrapo-con-su-moto-en-una-zona-de-baches-de-la-ruta-11\/","title":{"rendered":"Un menor derrap\u00f3 con su moto en una zona de baches de la Ruta 11"},"content":{"rendered":"<p>Personal policial de la Comisaria 1era. y de la Secci\u00f3n Comando Radioel\u00e9ctrico, siendo<br \/>\nlas 19:30 hs del domingo se comision\u00f3 en Ruta Nacional N\u00ba 11 km 737, lugar donde\u00a0 un joven de 17 a\u00f1os domiciliado en esta ciudad de Vera, derrap\u00f3 en su motoo (una<br \/>\nHonda 110 c.c de color rojo, sin dominio visible).<\/p>\n<p>Fue trasladado en ambulancia al Hospital local fines de recibir atenci\u00f3n m\u00e9dica.<\/p>\n","protected":false},"excerpt":{"rendered":"<p>Personal policial de la Comisaria 1era. y de la Secci\u00f3n Comando Radioel\u00e9ctrico, siendo las 19:30 hs del domingo se comision\u00f3 en Ruta Nacional N\u00ba 11 km 737, lugar donde\u00a0 un joven de 17 a\u00f1os domiciliado en esta ciudad de Vera, derrap\u00f3 en su motoo (una Honda 110 c.c de color rojo, sin dominio visible). Fue [&hellip;]<\/p>\n","protected":false},"author":3,"featured_media":56504,"comment_status":"closed","ping_status":"closed","sticky":false,"template":"","format":"standard","meta":{"_joinchat":[],"footnotes":""},"categories":[30,53],"tags":[],"class_list":{"0":"post-56503","1":"post","2":"type-post","3":"status-publish","4":"format-standard","5":"has-post-thumbnail","7":"category-policiales","8":"category-vera"},"_links":{"self":[{"href":"https:\/\/infovera.com.ar\/web\/wp-json\/wp\/v2\/posts\/56503","targetHints":{"allow":["GET"]}}],"collection":[{"href":"https:\/\/infovera.com.ar\/web\/wp-json\/wp\/v2\/posts"}],"about":[{"href":"https:\/\/infovera.com.ar\/web\/wp-json\/wp\/v2\/types\/post"}],"author":[{"embeddable":true,"href":"https:\/\/infovera.com.ar\/web\/wp-json\/wp\/v2\/users\/3"}],"replies":[{"embeddable":true,"href":"https:\/\/infovera.com.ar\/web\/wp-json\/wp\/v2\/comments?post=56503"}],"version-history":[{"count":0,"href":"https:\/\/infovera.com.ar\/web\/wp-json\/wp\/v2\/posts\/56503\/revisions"}],"wp:featuredmedia":[{"embeddable":true,"href":"https:\/\/infovera.com.ar\/web\/wp-json\/wp\/v2\/media\/56504"}],"wp:attachment":[{"href":"https:\/\/infovera.com.ar\/web\/wp-json\/wp\/v2\/media?parent=56503"}],"wp:term":[{"taxonomy":"category","embeddable":true,"href":"https:\/\/infovera.com.ar\/web\/wp-json\/wp\/v2\/categories?post=56503"},{"taxonomy":"post_tag","embeddable":true,"href":"https:\/\/infovera.com.ar\/web\/wp-json\/wp\/v2\/tags?post=56503"}],"curies":[{"name":"wp","href":"https:\/\/api.w.org\/{rel}","templated":true}]}}