{"id":56453,"date":"2024-10-26T11:53:33","date_gmt":"2024-10-26T14:53:33","guid":{"rendered":"https:\/\/infovera.com.ar\/web\/?p=56453"},"modified":"2024-10-27T23:13:50","modified_gmt":"2024-10-28T02:13:50","slug":"roda-quedo-detenido-en-la-alcaidia-acusado-de-golpear-a-su-expareja","status":"publish","type":"post","link":"https:\/\/infovera.com.ar\/web\/2024\/10\/26\/roda-quedo-detenido-en-la-alcaidia-acusado-de-golpear-a-su-expareja\/","title":{"rendered":"Roda qued\u00f3 detenido en la alcaid\u00eda acusado de golpear a su expareja"},"content":{"rendered":"<p>El presidente\u00a0 comunal de Intiyaco fue arrestado en la ma\u00f1ana de este s\u00e1bado en su casa del pueblo que gobierna.<\/p>\n<p>Una comisi\u00f3n policial arrib\u00f3 hasta su domicilio e hizo efectiva una orden de arresto del fiscal del caso Valent\u00edn Here\u00f1\u00fa.<\/p>\n<p>El funcionario est\u00e1 acusado de ejercer violencia de g\u00e9nero contra quien fuera su pareja S. C., que adem\u00e1s de polic\u00eda es vicepresidenta comunal. Fue alojado en la alcaid\u00eda de Vera.<\/p>\n<p>En las im\u00e1genes aportadas como pruebas por los abogados defensores de la presunta v\u00edctima puede verse a Roda agrediendo a la mujer.<\/p>\n<p>Pesaba sobre el presidente comunal una restricci\u00f3n de acercamiento a su excompa\u00f1era de vida dispuesta por la justicia de Vera.<\/p>\n<p>Ayer, el fiscal Here\u00f1\u00fa se mostr\u00f3 renuente a dar informaci\u00f3n sobre el caso dado la vulnerabilidad de S. C,. pero tras la viralizaci\u00f3n de la noticia decidi\u00f3 avanzar en la detenci\u00f3n de Roda, que la querella hab\u00eda adelantado que reclamar\u00eda el lunes dado el peligro latente para su defendida.<\/p>\n<p>Hoy, el fiscal regional Rub\u00e9n Mart\u00ednez dijo a <strong>InfoVera<\/strong> que al caso &#8220;lo ven\u00edamos trabajando desde hace un tiempo&#8221;, y que &#8220;se apuraron los tiempos&#8221;, con lo cual Roda fue detenido.<\/p>\n<p><a href=\"https:\/\/infovera.com.ar\/web\/wp-content\/uploads\/2024\/10\/roda.jpg\"><img loading=\"lazy\" decoding=\"async\" class=\"alignleft size-full wp-image-56465\" src=\"https:\/\/infovera.com.ar\/web\/wp-content\/uploads\/2024\/10\/roda.jpg\" alt=\"\" width=\"832\" height=\"582\" srcset=\"https:\/\/infovera.com.ar\/web\/wp-content\/uploads\/2024\/10\/roda.jpg 832w, https:\/\/infovera.com.ar\/web\/wp-content\/uploads\/2024\/10\/roda-696x487.jpg 696w, https:\/\/infovera.com.ar\/web\/wp-content\/uploads\/2024\/10\/roda-600x420.jpg 600w, https:\/\/infovera.com.ar\/web\/wp-content\/uploads\/2024\/10\/roda-100x70.jpg 100w\" sizes=\"auto, (max-width: 832px) 100vw, 832px\" \/><\/a><\/p>\n","protected":false},"excerpt":{"rendered":"<p>El presidente\u00a0 comunal de Intiyaco fue arrestado en la ma\u00f1ana de este s\u00e1bado en su casa del pueblo que gobierna. Una comisi\u00f3n policial arrib\u00f3 hasta su domicilio e hizo efectiva una orden de arresto del fiscal del caso Valent\u00edn Here\u00f1\u00fa. El funcionario est\u00e1 acusado de ejercer violencia de g\u00e9nero contra quien fuera su pareja S. [&hellip;]<\/p>\n","protected":false},"author":3,"featured_media":43912,"comment_status":"closed","ping_status":"closed","sticky":false,"template":"","format":"standard","meta":{"_joinchat":[],"footnotes":""},"categories":[30,53],"tags":[],"class_list":{"0":"post-56453","1":"post","2":"type-post","3":"status-publish","4":"format-standard","5":"has-post-thumbnail","7":"category-policiales","8":"category-vera"},"_links":{"self":[{"href":"https:\/\/infovera.com.ar\/web\/wp-json\/wp\/v2\/posts\/56453","targetHints":{"allow":["GET"]}}],"collection":[{"href":"https:\/\/infovera.com.ar\/web\/wp-json\/wp\/v2\/posts"}],"about":[{"href":"https:\/\/infovera.com.ar\/web\/wp-json\/wp\/v2\/types\/post"}],"author":[{"embeddable":true,"href":"https:\/\/infovera.com.ar\/web\/wp-json\/wp\/v2\/users\/3"}],"replies":[{"embeddable":true,"href":"https:\/\/infovera.com.ar\/web\/wp-json\/wp\/v2\/comments?post=56453"}],"version-history":[{"count":0,"href":"https:\/\/infovera.com.ar\/web\/wp-json\/wp\/v2\/posts\/56453\/revisions"}],"wp:featuredmedia":[{"embeddable":true,"href":"https:\/\/infovera.com.ar\/web\/wp-json\/wp\/v2\/media\/43912"}],"wp:attachment":[{"href":"https:\/\/infovera.com.ar\/web\/wp-json\/wp\/v2\/media?parent=56453"}],"wp:term":[{"taxonomy":"category","embeddable":true,"href":"https:\/\/infovera.com.ar\/web\/wp-json\/wp\/v2\/categories?post=56453"},{"taxonomy":"post_tag","embeddable":true,"href":"https:\/\/infovera.com.ar\/web\/wp-json\/wp\/v2\/tags?post=56453"}],"curies":[{"name":"wp","href":"https:\/\/api.w.org\/{rel}","templated":true}]}}