{"id":56419,"date":"2024-10-25T10:07:55","date_gmt":"2024-10-25T13:07:55","guid":{"rendered":"https:\/\/infovera.com.ar\/web\/?p=56419"},"modified":"2024-10-25T10:07:55","modified_gmt":"2024-10-25T13:07:55","slug":"se-realizo-el-15to-encuentro-de-jubilados-docentes-afiliados-de-amsafe-vera","status":"publish","type":"post","link":"https:\/\/infovera.com.ar\/web\/2024\/10\/25\/se-realizo-el-15to-encuentro-de-jubilados-docentes-afiliados-de-amsafe-vera\/","title":{"rendered":"Se realiz\u00f3 el 15to. Encuentro de Jubilados docentes afiliados de Amsafe Vera"},"content":{"rendered":"<p>El evento tuvo lugar en el Camping Judicial y cont\u00f3 con la asistencia del secretario general Rodrigo Alonso y m\u00e1s de un centenar de comensales que, adem\u00e1s del asado, compartieron momentos de charla, mucha diversi\u00f3n y sorteos con interesantes premios.<\/p>\n<p>En esta oportunidad, la delegada seccional Nelcy Suligoy estren\u00f3 su t\u00edtulo de jubilada, dado que el 30 de setiembre ces\u00f3 en la actividad, pero seguir\u00e1 al frente de la delegaci\u00f3n hasta el final del mandato el 30 de junio del a\u00f1o pr\u00f3ximo.<\/p>\n<p>Suligoy tambi\u00e9n aprovech\u00f3 la oportunidad para agradecer a los dem\u00e1s integrantes de la Comisi\u00f3n Departamental el acompa\u00f1amiento a lo largo de su gesti\u00f3n y en la organizaci\u00f3n de este evento.<\/p>\n<p>El secretario adjunto Marcelo Cardonati fundament\u00f3 que \u201c\u00e9stos encuentros, que se iniciaron hace 15 a\u00f1os, son para agasajar a los compa\u00f1eros que dieron todo por la escuela porque, a pesar de que no estamos pasando un buen momento, nos merecemos vivir este momento que tambi\u00e9n es una forma de agradecerles lo que ellos hicieron por la educaci\u00f3n porque han dejado su vida en el aula\u201d, agreg\u00f3.<\/p>\n<p>El secretario general Rodrigo Alonso expres\u00f3 que su presencia en estos almuerzos es \u201cpara acompa\u00f1ar y felicitar por esta iniciativa que tiene la delegaci\u00f3n Vera, es un punto de reuni\u00f3n para compartir y pasarla bien, adem\u00e1s de juntar fuerzas para lo que viene, son tiempos dif\u00edciles y por eso son necesarios estos encuentros para seguir juntos defendiendo la escuela p\u00fablica que tanto queremos\u201d.<\/p>\n<p>\u201cAmsafe cumpli\u00f3 96 a\u00f1os y estos 96 a\u00f1os siempre estuvimos en la misma vereda y ah\u00ed seguiremos estando, para seguir peleando por los derechos de nuestros jubilados\u201d, concluy\u00f3 en su mensaje a los presentes.<\/p>\n<p>Este evento es \u00fanico en el marco de Amsafe y, como siempre, convoca a todos los jubilados afiliados del departamento Vera, es as\u00ed que hubo quienes llegaron desde Calchaqu\u00ed, Margarita, La Gallareta, Fort\u00edn Olmos, Intiyaco y hasta Los Amores.<\/p>\n<p>Letyana Press<\/p>\n","protected":false},"excerpt":{"rendered":"<p>El evento tuvo lugar en el Camping Judicial y cont\u00f3 con la asistencia del secretario general Rodrigo Alonso y m\u00e1s de un centenar de comensales que, adem\u00e1s del asado, compartieron momentos de charla, mucha diversi\u00f3n y sorteos con interesantes premios. En esta oportunidad, la delegada seccional Nelcy Suligoy estren\u00f3 su t\u00edtulo de jubilada, dado que [&hellip;]<\/p>\n","protected":false},"author":3,"featured_media":56420,"comment_status":"closed","ping_status":"closed","sticky":false,"template":"","format":"standard","meta":{"_joinchat":[],"footnotes":""},"categories":[53],"tags":[],"class_list":{"0":"post-56419","1":"post","2":"type-post","3":"status-publish","4":"format-standard","5":"has-post-thumbnail","7":"category-vera"},"_links":{"self":[{"href":"https:\/\/infovera.com.ar\/web\/wp-json\/wp\/v2\/posts\/56419","targetHints":{"allow":["GET"]}}],"collection":[{"href":"https:\/\/infovera.com.ar\/web\/wp-json\/wp\/v2\/posts"}],"about":[{"href":"https:\/\/infovera.com.ar\/web\/wp-json\/wp\/v2\/types\/post"}],"author":[{"embeddable":true,"href":"https:\/\/infovera.com.ar\/web\/wp-json\/wp\/v2\/users\/3"}],"replies":[{"embeddable":true,"href":"https:\/\/infovera.com.ar\/web\/wp-json\/wp\/v2\/comments?post=56419"}],"version-history":[{"count":0,"href":"https:\/\/infovera.com.ar\/web\/wp-json\/wp\/v2\/posts\/56419\/revisions"}],"wp:featuredmedia":[{"embeddable":true,"href":"https:\/\/infovera.com.ar\/web\/wp-json\/wp\/v2\/media\/56420"}],"wp:attachment":[{"href":"https:\/\/infovera.com.ar\/web\/wp-json\/wp\/v2\/media?parent=56419"}],"wp:term":[{"taxonomy":"category","embeddable":true,"href":"https:\/\/infovera.com.ar\/web\/wp-json\/wp\/v2\/categories?post=56419"},{"taxonomy":"post_tag","embeddable":true,"href":"https:\/\/infovera.com.ar\/web\/wp-json\/wp\/v2\/tags?post=56419"}],"curies":[{"name":"wp","href":"https:\/\/api.w.org\/{rel}","templated":true}]}}