{"id":56391,"date":"2024-10-24T11:42:58","date_gmt":"2024-10-24T14:42:58","guid":{"rendered":"https:\/\/infovera.com.ar\/web\/?p=56391"},"modified":"2024-10-24T11:42:58","modified_gmt":"2024-10-24T14:42:58","slug":"bastia-sobre-la-corte-uno-ingreso-porque-era-el-primo-y-amigo-de-reutemann","status":"publish","type":"post","link":"https:\/\/infovera.com.ar\/web\/2024\/10\/24\/bastia-sobre-la-corte-uno-ingreso-porque-era-el-primo-y-amigo-de-reutemann\/","title":{"rendered":"Bastia, sobre la Corte: &#8220;Uno ingres\u00f3 porque era el primo y amigo de Reutemann&#8221;"},"content":{"rendered":"<p>El ministro de Gobierno ratific\u00f3 esa condici\u00f3n a los actuales ministros y remarc\u00f3 que no se los cuestiona \u201cpor sus fallos\u201d, sino porque es necesario impulsar un proceso de transformaci\u00f3n.<\/p>\n<p>El ministro de Gobierno, Fabi\u00e1n Bastia, ratific\u00f3 y volvi\u00f3 a defender la pretensi\u00f3n del gobierno provincial de reemplazar a los ministros de la Corte Suprema de Justicia \u201cno por sus fallos\u201d, sino para que sea un \u00f3rgano que acompa\u00f1e un proceso efectivo de modernizaci\u00f3n y cercan\u00eda. Tambi\u00e9n neg\u00f3 que se pretenda nombrar \u201cuna Corte de amigos\u201d, y asegur\u00f3 que \u201ceso habla m\u00e1s de ellos que de nosotros.<\/p>\n<p>\u201cHay gente que tiene su opini\u00f3n y que se manifiesta y creo que es importante que todos respetemos la manifestaciones de los dem\u00e1s&#8221;, dijo Bastia. Foto: Guillermo Di Salvatore<\/p>\n<p>Bastia rechaz\u00f3 definir como \u201chostil\u201d el clima con el que se encontraron los funcionarios al arribar a Tribunales para el juramento de los miembros de la C\u00e1mara de Apelaciones de Ejecuci\u00f3n Penal, en el contexto de una concentraci\u00f3n de empleados judiciales en la que no faltaron insultos ni pancartas.<\/p>\n<p>El ministro concurri\u00f3 acompa\u00f1ado por su par de Justicia y Seguridad,\u00a0Pablo Cococcioni, y salud\u00f3 estrechando las manos a algunos de los manifestantes, que llevaban consignas en defensa de la independencia del Poder Judicial y de reclamo por las demoras en firmar decretos sobre movimientos de personal.<\/p>\n<p>\u201cHay gente que tiene su opini\u00f3n y que se manifiesta y creo que es importante que todos respetemos la manifestaciones de los dem\u00e1s, si queremos que respeten la nuestra. As\u00ed que creo que es parte de una coyuntura y de circunstancias que nos son absolutamente ajenas al Poder Ejecutivo, pero que entendemos en el lugar que se encuentran en los manifestantes y bueno, es parte de la realidad nuestra de todos los d\u00edas\u201d, interpret\u00f3.<\/p>\n<p><strong>Miradas diferentes<\/strong><\/p>\n<p>Al hacerle notar que parte del reclamo est\u00e1 vinculado a la pretensi\u00f3n del gobierno de producir cambios en la Corte Suprema, Bastia sostuvo que \u201cest\u00e1 claro que nosotros tenemos una mirada que tiene que ver con ordenar y con un nuevo funcionamiento del Poder Judicial; de la Justicia en su conjunto\u201d.<\/p>\n<p>Y profundiz\u00f3: \u201cA la Justicia no hay que tomarla como una palabra vac\u00eda, sino todo lo contrario: es un valor fundamental, y representado por un poder en un sistema republicano, un poder del Estado. Pero es gobernada por la Corte y evidentemente, quienes no han podido realizar cambios en todo su trayecto o en todo caso han consolidado situaciones que no eran acordes a las demandas sociales, y que se han ido complejizando y profundizando, est\u00e1 claro que no est\u00e1n en condiciones de llevar adelante todos esos cambios en l\u00ednea con lo que nosotros pretendemos\u201d.<\/p>\n<p>El ministro de Gobierno, sostuvo adem\u00e1s que la posici\u00f3n del Ejecutivo \u201cprecisamente no tiene que ver con los fallos de la Justicia, sino con un funcionamiento eficiente de la misma, con una cercan\u00eda, una proximidad, un resultado inmediato, para que el justiciable se sienta realmente acompa\u00f1ado por el Estado ante una situaci\u00f3n que lo afecta, y no en esa situaci\u00f3n de muchas veces desamparo que todos los justiciables manifiestan que pasan a\u00f1os\u201d.<\/p>\n<p><strong>&#8220;Debe modernizarse&#8221;<\/strong><\/p>\n<p>Bastia insisti\u00f3 en que esto es as\u00ed \u201cindependientemente de organizaciones territoriales, fueros y dem\u00e1s, sobre los que podemos escribir y hablar much\u00edsimo sobre el tema, pero que no ha sido llevado adelante, y entendemos que debe modernizarse y l\u00f3gicamente estar acorde a valores ciudadanos.\u00a0La eficiencia es uno, pero entender que pagar impuestos a las Ganancias es de ciudadanos, pagar el Iapos como lo pagan todos los empleados p\u00fablicos de la provincia tambi\u00e9n, y tambi\u00e9n entender que hay que tener un v\u00ednculo con la provincia mucho m\u00e1s all\u00e1 del presupuestario.\u00a0Ac\u00e1 les paga el sueldo la provincia, con impuestos que se recaudan de los santafesinos, se jubilan en la Caja de Jubilaciones de la provincia, pero se fijan los sueldos desde la Naci\u00f3n\u201d, a\u00f1adi\u00f3.<\/p>\n<p>Bastia tambi\u00e9n neg\u00f3 que la idea de cambiar la Corte sea solo del gobernador Maximiliano Pullaro, y se bas\u00f3 en el proyecto de reforma del Poder Judicial presentado por el Partido Socialista en su conjunto, que entre otras cosas fija el l\u00edmite de 75 a\u00f1os de edad para el retiro. \u201cY otra cosa: nosotros no queremos cambiar la Corte para poner amigos. Lo que pasa es que eso habla m\u00e1s de ellos que de nosotros. Imag\u00ednense: <strong>uno ingres\u00f3 porque era el primo y amigo de Reutemann; otro el abogado personal de Reutemann;<\/strong> otro porque se encarg\u00f3 de la Ley de Lemas y este fue el premio\u201d, argument\u00f3 el funcionario.<\/p>\n","protected":false},"excerpt":{"rendered":"<p>El ministro de Gobierno ratific\u00f3 esa condici\u00f3n a los actuales ministros y remarc\u00f3 que no se los cuestiona \u201cpor sus fallos\u201d, sino porque es necesario impulsar un proceso de transformaci\u00f3n. El ministro de Gobierno, Fabi\u00e1n Bastia, ratific\u00f3 y volvi\u00f3 a defender la pretensi\u00f3n del gobierno provincial de reemplazar a los ministros de la Corte Suprema [&hellip;]<\/p>\n","protected":false},"author":3,"featured_media":56392,"comment_status":"closed","ping_status":"closed","sticky":false,"template":"","format":"standard","meta":{"_joinchat":[],"footnotes":""},"categories":[60],"tags":[],"class_list":{"0":"post-56391","1":"post","2":"type-post","3":"status-publish","4":"format-standard","5":"has-post-thumbnail","7":"category-provinciales"},"_links":{"self":[{"href":"https:\/\/infovera.com.ar\/web\/wp-json\/wp\/v2\/posts\/56391","targetHints":{"allow":["GET"]}}],"collection":[{"href":"https:\/\/infovera.com.ar\/web\/wp-json\/wp\/v2\/posts"}],"about":[{"href":"https:\/\/infovera.com.ar\/web\/wp-json\/wp\/v2\/types\/post"}],"author":[{"embeddable":true,"href":"https:\/\/infovera.com.ar\/web\/wp-json\/wp\/v2\/users\/3"}],"replies":[{"embeddable":true,"href":"https:\/\/infovera.com.ar\/web\/wp-json\/wp\/v2\/comments?post=56391"}],"version-history":[{"count":0,"href":"https:\/\/infovera.com.ar\/web\/wp-json\/wp\/v2\/posts\/56391\/revisions"}],"wp:featuredmedia":[{"embeddable":true,"href":"https:\/\/infovera.com.ar\/web\/wp-json\/wp\/v2\/media\/56392"}],"wp:attachment":[{"href":"https:\/\/infovera.com.ar\/web\/wp-json\/wp\/v2\/media?parent=56391"}],"wp:term":[{"taxonomy":"category","embeddable":true,"href":"https:\/\/infovera.com.ar\/web\/wp-json\/wp\/v2\/categories?post=56391"},{"taxonomy":"post_tag","embeddable":true,"href":"https:\/\/infovera.com.ar\/web\/wp-json\/wp\/v2\/tags?post=56391"}],"curies":[{"name":"wp","href":"https:\/\/api.w.org\/{rel}","templated":true}]}}