{"id":56387,"date":"2024-10-24T11:34:25","date_gmt":"2024-10-24T14:34:25","guid":{"rendered":"https:\/\/infovera.com.ar\/web\/?p=56387"},"modified":"2024-10-25T10:00:52","modified_gmt":"2024-10-25T13:00:52","slug":"calchaqui-decomisaron-cajones-de-pollo-y-cortes-carnicos","status":"publish","type":"post","link":"https:\/\/infovera.com.ar\/web\/2024\/10\/24\/calchaqui-decomisaron-cajones-de-pollo-y-cortes-carnicos\/","title":{"rendered":"Calchaqu\u00ed: decomisaron cajones de pollo y cortes c\u00e1rnicos"},"content":{"rendered":"<p>Fue como resultado de un trabajo en conjunto entre agentes de la UOR 1 (Reconquista) de la Direcci\u00f3n General de Seguridad Vial, de la Direcci\u00f3n General de Seguridad Rural, de la Unidad Regional XIX y personal de la ASSAL.<\/p>\n<p>Ayer a la ma\u00f1ana, personal policial cumplimentaba operativo vehicular en Ruta Nacional N\u00b0 11 KM 664 cuando detuvo la marcha de una camioneta para su inspecci\u00f3n.<\/p>\n<p>En continuidad, los uniformados identificaron a su conductora y al requisar el veh\u00edculo, hallaron cinco cajas de pollo y diferentes cortes de carne de cerdo, que al ser examinada por personal de la ASSAL se determin\u00f3 que no ser\u00eda apto para consumo humano.<\/p>\n<p>Raz\u00f3n por la cual, los efectivos le dieron conocimiento al Fiscal de turno quien dispuso se notifique a la mujer por infracci\u00f3n al art\u00edculo 206 del C.P.A. (violaci\u00f3n de leyes de polic\u00eda sanitaria animal) y posteriormente, personal de la Direcci\u00f3n General de Seguridad Rural desnaturaliz\u00f3 lo decomisado.<\/p>\n<p><a href=\"https:\/\/infovera.com.ar\/web\/wp-content\/uploads\/2024\/10\/carne.png\"><img loading=\"lazy\" decoding=\"async\" class=\"alignleft size-full wp-image-56389\" src=\"https:\/\/infovera.com.ar\/web\/wp-content\/uploads\/2024\/10\/carne.png\" alt=\"\" width=\"940\" height=\"557\" srcset=\"https:\/\/infovera.com.ar\/web\/wp-content\/uploads\/2024\/10\/carne.png 940w, https:\/\/infovera.com.ar\/web\/wp-content\/uploads\/2024\/10\/carne-696x412.png 696w, https:\/\/infovera.com.ar\/web\/wp-content\/uploads\/2024\/10\/carne-709x420.png 709w\" sizes=\"auto, (max-width: 940px) 100vw, 940px\" \/><\/a><\/p>\n","protected":false},"excerpt":{"rendered":"<p>Fue como resultado de un trabajo en conjunto entre agentes de la UOR 1 (Reconquista) de la Direcci\u00f3n General de Seguridad Vial, de la Direcci\u00f3n General de Seguridad Rural, de la Unidad Regional XIX y personal de la ASSAL. Ayer a la ma\u00f1ana, personal policial cumplimentaba operativo vehicular en Ruta Nacional N\u00b0 11 KM 664 [&hellip;]<\/p>\n","protected":false},"author":3,"featured_media":56388,"comment_status":"closed","ping_status":"closed","sticky":false,"template":"","format":"standard","meta":{"_joinchat":[],"footnotes":""},"categories":[52,30],"tags":[],"class_list":{"0":"post-56387","1":"post","2":"type-post","3":"status-publish","4":"format-standard","5":"has-post-thumbnail","7":"category-calchaqui","8":"category-policiales"},"_links":{"self":[{"href":"https:\/\/infovera.com.ar\/web\/wp-json\/wp\/v2\/posts\/56387","targetHints":{"allow":["GET"]}}],"collection":[{"href":"https:\/\/infovera.com.ar\/web\/wp-json\/wp\/v2\/posts"}],"about":[{"href":"https:\/\/infovera.com.ar\/web\/wp-json\/wp\/v2\/types\/post"}],"author":[{"embeddable":true,"href":"https:\/\/infovera.com.ar\/web\/wp-json\/wp\/v2\/users\/3"}],"replies":[{"embeddable":true,"href":"https:\/\/infovera.com.ar\/web\/wp-json\/wp\/v2\/comments?post=56387"}],"version-history":[{"count":0,"href":"https:\/\/infovera.com.ar\/web\/wp-json\/wp\/v2\/posts\/56387\/revisions"}],"wp:featuredmedia":[{"embeddable":true,"href":"https:\/\/infovera.com.ar\/web\/wp-json\/wp\/v2\/media\/56388"}],"wp:attachment":[{"href":"https:\/\/infovera.com.ar\/web\/wp-json\/wp\/v2\/media?parent=56387"}],"wp:term":[{"taxonomy":"category","embeddable":true,"href":"https:\/\/infovera.com.ar\/web\/wp-json\/wp\/v2\/categories?post=56387"},{"taxonomy":"post_tag","embeddable":true,"href":"https:\/\/infovera.com.ar\/web\/wp-json\/wp\/v2\/tags?post=56387"}],"curies":[{"name":"wp","href":"https:\/\/api.w.org\/{rel}","templated":true}]}}