{"id":56376,"date":"2024-10-23T19:18:31","date_gmt":"2024-10-23T22:18:31","guid":{"rendered":"https:\/\/infovera.com.ar\/web\/?p=56376"},"modified":"2024-10-23T19:18:31","modified_gmt":"2024-10-23T22:18:31","slug":"la-epe-programo-tres-cortes-de-energia-para-el-proximo-domingo","status":"publish","type":"post","link":"https:\/\/infovera.com.ar\/web\/2024\/10\/23\/la-epe-programo-tres-cortes-de-energia-para-el-proximo-domingo\/","title":{"rendered":"La EPE program\u00f3 tres cortes de energ\u00eda para el pr\u00f3ximo domingo"},"content":{"rendered":"<p>Desde la Sucursal Reconquista de la EPE se inform\u00f3 que este d\u00eda domingo 27\/10\/24, con motivo de realizarse una serie de trabajos, va a quedar fuera de servicio la l\u00ednea de Alta Tensi\u00f3n que alimenta a toda la siguiente zona: departamento Gral. Obligado, Romang y la Cu\u00f1a Boscosa.<\/p>\n<p><strong>Por este motivo va a ser necesario interrumpir el servicio en las siguientes zonas:<\/strong><\/p>\n<p>1) Desde Fort\u00edn Olmos, hasta Los Amores.<\/p>\n<p>2) Romang y Los Laureles.<\/p>\n<p>3) De Guadalupe Norte, hasta El Sombrerito.<\/p>\n<p>En el horario de 05:00 a 07:30 hs.<\/p>\n<p><strong>Luego:<\/strong><\/p>\n<p>A las 13:00 horas, aproximadamente, va a haber un corte general de media hora de duraci\u00f3n, que va a abarcar Romang, la Cu\u00f1a Boscosa, Reconquista y toda su zona de influencia.<\/p>\n<p>Por \u00faltimo, va a haber un corte general entre las 17:00 y 17:30 hs, en todo el Dpto. Obligado (excepto Malabrigo), m\u00e1s la Cu\u00f1a Boscosa, m\u00e1s Romang.<\/p>\n<p>Se aclara que Malabrigo ser\u00e1 la \u00fanica localidad del Departamento Obligado que no se va a ver afectada por estos cortes.<\/p>\n","protected":false},"excerpt":{"rendered":"<p>Desde la Sucursal Reconquista de la EPE se inform\u00f3 que este d\u00eda domingo 27\/10\/24, con motivo de realizarse una serie de trabajos, va a quedar fuera de servicio la l\u00ednea de Alta Tensi\u00f3n que alimenta a toda la siguiente zona: departamento Gral. Obligado, Romang y la Cu\u00f1a Boscosa. Por este motivo va a ser necesario [&hellip;]<\/p>\n","protected":false},"author":3,"featured_media":43706,"comment_status":"closed","ping_status":"closed","sticky":false,"template":"","format":"standard","meta":{"_joinchat":[],"footnotes":""},"categories":[61],"tags":[],"class_list":{"0":"post-56376","1":"post","2":"type-post","3":"status-publish","4":"format-standard","5":"has-post-thumbnail","7":"category-regionales"},"_links":{"self":[{"href":"https:\/\/infovera.com.ar\/web\/wp-json\/wp\/v2\/posts\/56376","targetHints":{"allow":["GET"]}}],"collection":[{"href":"https:\/\/infovera.com.ar\/web\/wp-json\/wp\/v2\/posts"}],"about":[{"href":"https:\/\/infovera.com.ar\/web\/wp-json\/wp\/v2\/types\/post"}],"author":[{"embeddable":true,"href":"https:\/\/infovera.com.ar\/web\/wp-json\/wp\/v2\/users\/3"}],"replies":[{"embeddable":true,"href":"https:\/\/infovera.com.ar\/web\/wp-json\/wp\/v2\/comments?post=56376"}],"version-history":[{"count":0,"href":"https:\/\/infovera.com.ar\/web\/wp-json\/wp\/v2\/posts\/56376\/revisions"}],"wp:featuredmedia":[{"embeddable":true,"href":"https:\/\/infovera.com.ar\/web\/wp-json\/wp\/v2\/media\/43706"}],"wp:attachment":[{"href":"https:\/\/infovera.com.ar\/web\/wp-json\/wp\/v2\/media?parent=56376"}],"wp:term":[{"taxonomy":"category","embeddable":true,"href":"https:\/\/infovera.com.ar\/web\/wp-json\/wp\/v2\/categories?post=56376"},{"taxonomy":"post_tag","embeddable":true,"href":"https:\/\/infovera.com.ar\/web\/wp-json\/wp\/v2\/tags?post=56376"}],"curies":[{"name":"wp","href":"https:\/\/api.w.org\/{rel}","templated":true}]}}