{"id":56360,"date":"2024-10-23T13:50:11","date_gmt":"2024-10-23T16:50:11","guid":{"rendered":"https:\/\/infovera.com.ar\/web\/?p=56360"},"modified":"2024-10-23T13:50:11","modified_gmt":"2024-10-23T16:50:11","slug":"la-corte-suspendio-terminos-procesales-y-audiencias-por-el-paro","status":"publish","type":"post","link":"https:\/\/infovera.com.ar\/web\/2024\/10\/23\/la-corte-suspendio-terminos-procesales-y-audiencias-por-el-paro\/","title":{"rendered":"La Corte suspendi\u00f3 t\u00e9rminos procesales y audiencias por el paro"},"content":{"rendered":"<p>La Presidencia de la Corte Suprema de Santa Fe hizo saber que ante el paro de actividades dispuesto para el d\u00eda 24 de octubre de 2024 por el Sindicato de Trabajadores Judiciales y teniendo en cuenta que la situaci\u00f3n aludida obstar\u00e1 al normal desenvolvimiento de la actividad judicial en los Tribunales de la Provincia, y\u00a0 afectar\u00e1 especialmente el desarrollo de las tareas propias de los profesionales del foro, ha resuelto, disponer durante el d\u00eda 24 de octubre de 2024, la suspensi\u00f3n de los t\u00e9rminos procesales y audiencias, en las sedes judiciales de la Provincia de Santa Fe, sin perjuicio de las actividades que los respectivos responsables de las unidades jurisdiccionales dispongan realizar y de los actos que mediando consentimiento de las partes se ejecuten.<\/p>\n<p>Cabe aclarar, que el paro dispuesto por la entidad gremial judicial alcanza a los<br \/>\nempleados administrativos, personal de servicio y maestranza.<\/p>\n","protected":false},"excerpt":{"rendered":"<p>La Presidencia de la Corte Suprema de Santa Fe hizo saber que ante el paro de actividades dispuesto para el d\u00eda 24 de octubre de 2024 por el Sindicato de Trabajadores Judiciales y teniendo en cuenta que la situaci\u00f3n aludida obstar\u00e1 al normal desenvolvimiento de la actividad judicial en los Tribunales de la Provincia, y\u00a0 [&hellip;]<\/p>\n","protected":false},"author":3,"featured_media":35300,"comment_status":"closed","ping_status":"closed","sticky":false,"template":"","format":"standard","meta":{"_joinchat":[],"footnotes":""},"categories":[60],"tags":[],"class_list":{"0":"post-56360","1":"post","2":"type-post","3":"status-publish","4":"format-standard","5":"has-post-thumbnail","7":"category-provinciales"},"_links":{"self":[{"href":"https:\/\/infovera.com.ar\/web\/wp-json\/wp\/v2\/posts\/56360","targetHints":{"allow":["GET"]}}],"collection":[{"href":"https:\/\/infovera.com.ar\/web\/wp-json\/wp\/v2\/posts"}],"about":[{"href":"https:\/\/infovera.com.ar\/web\/wp-json\/wp\/v2\/types\/post"}],"author":[{"embeddable":true,"href":"https:\/\/infovera.com.ar\/web\/wp-json\/wp\/v2\/users\/3"}],"replies":[{"embeddable":true,"href":"https:\/\/infovera.com.ar\/web\/wp-json\/wp\/v2\/comments?post=56360"}],"version-history":[{"count":0,"href":"https:\/\/infovera.com.ar\/web\/wp-json\/wp\/v2\/posts\/56360\/revisions"}],"wp:featuredmedia":[{"embeddable":true,"href":"https:\/\/infovera.com.ar\/web\/wp-json\/wp\/v2\/media\/35300"}],"wp:attachment":[{"href":"https:\/\/infovera.com.ar\/web\/wp-json\/wp\/v2\/media?parent=56360"}],"wp:term":[{"taxonomy":"category","embeddable":true,"href":"https:\/\/infovera.com.ar\/web\/wp-json\/wp\/v2\/categories?post=56360"},{"taxonomy":"post_tag","embeddable":true,"href":"https:\/\/infovera.com.ar\/web\/wp-json\/wp\/v2\/tags?post=56360"}],"curies":[{"name":"wp","href":"https:\/\/api.w.org\/{rel}","templated":true}]}}