{"id":56320,"date":"2024-10-21T17:52:05","date_gmt":"2024-10-21T20:52:05","guid":{"rendered":"https:\/\/infovera.com.ar\/web\/?p=56320"},"modified":"2024-10-22T13:43:26","modified_gmt":"2024-10-22T16:43:26","slug":"tramo-vera-malabrigo-la-justicia-federal-ordeno-medidas-preventivas-por-el-deterioro-de-la-ruta-11","status":"publish","type":"post","link":"https:\/\/infovera.com.ar\/web\/2024\/10\/21\/tramo-vera-malabrigo-la-justicia-federal-ordeno-medidas-preventivas-por-el-deterioro-de-la-ruta-11\/","title":{"rendered":"Tramo Vera &#8211; Malabrigo: la justicia federal orden\u00f3 medidas preventivas por el deterioro de la Ruta 11"},"content":{"rendered":"<p>El fuero nacional de Reconquista dispuso que Vialidad Nacional se\u00f1alice, concientice y realice desv\u00edos. Otorg\u00f3 un plazo legal exiguo al organismo vial para que informe el plan de bacheos y mejoras. En caso contrario, dar\u00eda curso a una acci\u00f3n de amparo del diputado Dionisio Scarpin.<\/p>\n<p>Con fecha 18 de octubre, la jueza federal subrogante de Reconquista Dra. Zunilda Niremperger orden\u00f3 una serie de medidas preventivas que deber\u00e1 adoptar la Direcci\u00f3n Nacional de Vialidad para garantizar un tr\u00e1nsito seguro por la Ruta 11, en el tramo comprendido entre Vera y Malabrigo.<\/p>\n<p>La resoluci\u00f3n de la magistrada que se conoci\u00f3 este lunes emplaz\u00f3 al organismo vial nacional a denunciar, en el plazo de 5 d\u00edas, el plan de tareas de bacheo y\/o relleno de pozos existentes en el tramo comprendido entre los kil\u00f3metros 724 y 752, jurisdicci\u00f3n de ambas ciudad citadas.<\/p>\n<p>Asimismo, dispuso que en el t\u00e9rmino de 3 d\u00edas la DPV se\u00f1alice debidamente la Ruta 11 en el trayecto descripto con \u201cexpreso direccionamiento a evitar accidentes\u201d; en tanto, conmin\u00f3 a la repartici\u00f3n caminera a realizar, en caso de ser necesarios, los desv\u00edos que fueren \u201cimperiosos\u201d a los fines de evitar accidentes.<\/p>\n<p>Paralelamente, determin\u00f3 que la implementaci\u00f3n de una campa\u00f1a de informativa para evitar siniestros viales a los usuarios y\/o vecinos de la Ruta 11, y fij\u00f3 una cauci\u00f3n a la DNV a fin de \u201cresponder por todas las costas, da\u00f1os y perjuicios que la medida pudiere ocasionar\u201d.<\/p>\n<p>En la \u00faltima parte de su texto resolutivo, la jueza corri\u00f3 traslado de su decisorio a la Sede Reconquista de Vialidad Nacional a los fines de la producci\u00f3n del informe requerido en el plazo de 3 d\u00edas, bajo apercibimientos de ley, luego de hacer efectiva la fianza establecida.<\/p>\n<p>La Dra. Niremperger dej\u00f3 en claro que la presente resoluci\u00f3n es de \u201cestricto car\u00e1cter de interina y hasta tanto se produzca el informe de ley -o venciera el plazo para su presentaci\u00f3n-, en cuyo caso se evaluar\u00e1 la procedencia o no de la medida cautelar\u201d, que solicit\u00f3 la semana pasada el diputado provincial Dionisio Scarpin, uno de los principales impulsores de los reclamos.<\/p>\n<p>\u201cNo podemos seguir esperando m\u00e1s. La ruta est\u00e1 cada vez en peores condiciones y es un riesgo de vida para todos quienes transitamos por ella. Este es un recurso urgente que incluye una medida cautelar, para forzar una respuesta inmediata. No podemos esperar mientras sigue en riesgo la vida de quienes transitamos por esta ruta\u201d, hab\u00eda afirmado Scarpin el martes pasado, al momento de presentar el pedido cautelar el fuero nacional de Reconquista.<br \/>\nFrondosos reclamos<\/p>\n<p>En su argumentaci\u00f3n, dijo advertir un \u201cdespliegue frondoso\u201d de reclamos administrativos, institucionales, p\u00fablicos y privados que \u201cse habr\u00eda dado sin soluci\u00f3n de continuidad\u201d, y que a pesar de estar en la agenda ejecutiva en distintas instancias y con diferentes objetivos desde hace varios a\u00f1os, \u201cen los \u00faltimos tiempos y espec\u00edficamente en este mes en curso habr\u00eda cobrado mayor relevancia por el estado actual de la ruta\u201d.<\/p>\n<p>Luego de expresar tener \u201cinicialmente acreditado\u201d el hecho de la suspensi\u00f3n de las obras de reparaci\u00f3n, consider\u00f3 que las \u201ctareas inconclusas ofrecen un riesgo mayor en caso de no existir medidas de prevenci\u00f3n, advertencia, balizamiento, se\u00f1alizaci\u00f3n, demarcaci\u00f3n\u201d.<\/p>\n<p>M\u00e1s de 3 muertes por mes<\/p>\n<p>En otro p\u00e1rrafo, recogi\u00f3 fundamentaci\u00f3n esgrimida por el legislador norte\u00f1o al momento de ingresar el recurso de amparo: &#8220;Las rutas 11 y 34 son las que m\u00e1s v\u00edctimas fatales registran en el territorio santafesino. En ese fat\u00eddico podio, la Ruta 11 suele rondar cerca del 10 por ciento anual de todas los muertos que la accidentolog\u00eda vial provoca cada a\u00f1o.\u201d En ese sentido, tom\u00f3 lo informado por un rotativo nacional en mayo pasado -que obra como evidencia- acerca de cifras que indican que durante el a\u00f1o 2023 se registr\u00f3 un promedio de de m\u00e1s de tres muertos mensuales por accidentes de tr\u00e1nsito en la Ruta Nacional N\u00ba 11 en el tramo entre San Justo y Florencia (19 automovilistas, 14 motociclistas y 5 transe\u00fantes, lo que da un escalofriante promedio de 3.16 fatalidades por mes).<\/p>\n<p>&nbsp;<\/p>\n","protected":false},"excerpt":{"rendered":"<p>El fuero nacional de Reconquista dispuso que Vialidad Nacional se\u00f1alice, concientice y realice desv\u00edos. Otorg\u00f3 un plazo legal exiguo al organismo vial para que informe el plan de bacheos y mejoras. En caso contrario, dar\u00eda curso a una acci\u00f3n de amparo del diputado Dionisio Scarpin. Con fecha 18 de octubre, la jueza federal subrogante de [&hellip;]<\/p>\n","protected":false},"author":3,"featured_media":56321,"comment_status":"closed","ping_status":"closed","sticky":false,"template":"","format":"standard","meta":{"_joinchat":[],"footnotes":""},"categories":[61],"tags":[],"class_list":{"0":"post-56320","1":"post","2":"type-post","3":"status-publish","4":"format-standard","5":"has-post-thumbnail","7":"category-regionales"},"_links":{"self":[{"href":"https:\/\/infovera.com.ar\/web\/wp-json\/wp\/v2\/posts\/56320","targetHints":{"allow":["GET"]}}],"collection":[{"href":"https:\/\/infovera.com.ar\/web\/wp-json\/wp\/v2\/posts"}],"about":[{"href":"https:\/\/infovera.com.ar\/web\/wp-json\/wp\/v2\/types\/post"}],"author":[{"embeddable":true,"href":"https:\/\/infovera.com.ar\/web\/wp-json\/wp\/v2\/users\/3"}],"replies":[{"embeddable":true,"href":"https:\/\/infovera.com.ar\/web\/wp-json\/wp\/v2\/comments?post=56320"}],"version-history":[{"count":0,"href":"https:\/\/infovera.com.ar\/web\/wp-json\/wp\/v2\/posts\/56320\/revisions"}],"wp:featuredmedia":[{"embeddable":true,"href":"https:\/\/infovera.com.ar\/web\/wp-json\/wp\/v2\/media\/56321"}],"wp:attachment":[{"href":"https:\/\/infovera.com.ar\/web\/wp-json\/wp\/v2\/media?parent=56320"}],"wp:term":[{"taxonomy":"category","embeddable":true,"href":"https:\/\/infovera.com.ar\/web\/wp-json\/wp\/v2\/categories?post=56320"},{"taxonomy":"post_tag","embeddable":true,"href":"https:\/\/infovera.com.ar\/web\/wp-json\/wp\/v2\/tags?post=56320"}],"curies":[{"name":"wp","href":"https:\/\/api.w.org\/{rel}","templated":true}]}}