{"id":56256,"date":"2024-10-19T11:28:22","date_gmt":"2024-10-19T14:28:22","guid":{"rendered":"https:\/\/infovera.com.ar\/web\/?p=56256"},"modified":"2024-10-19T11:28:22","modified_gmt":"2024-10-19T14:28:22","slug":"objetivo-dengue-vacunar-en-la-isla-casa-por-casa","status":"publish","type":"post","link":"https:\/\/infovera.com.ar\/web\/2024\/10\/19\/objetivo-dengue-vacunar-en-la-isla-casa-por-casa\/","title":{"rendered":"Objetivo Dengue: vacunar en la isla, casa por casa"},"content":{"rendered":"<p>Yolanda Elvira G\u00f3mez es la enfermera que atiende a la poblaci\u00f3n de la isla Guaycur\u00fa, donde vive la mayor parte del mes. Cuando le preguntan cu\u00e1nto tiempo lleva trabajando en la isla, responde con la fecha exacta en que fue asignada como agente sanitaria: \u201cDesde el 11 de febrero de 2003\u201d.<\/p>\n<p>Una vez al mes regresa a Reconquista por unos d\u00edas para visitar a familiares, y buscar insumos. Pero el r\u00edo marca a veces ese tiempo del regreso: \u201cVuelvo si el Paran\u00e1 est\u00e1 tranquilo para viajar, y si no, tengo que esperar, porque es lindo, pero tambi\u00e9n es bastante riguroso; y si hay viento, prefiero esperar\u201d, cuenta.<\/p>\n<p>La vacunaci\u00f3n contra dengue requiri\u00f3 formar a los equipos del Programa de Inmunizaci\u00f3n de la Provincia, como sucede cada vez que se implementa una nueva estrategia, y en particular porque esta vacuna necesita reconstituirse con un diluyente, antes de la aplicaci\u00f3n, que implica seguir algunos pasos previos. Por eso esta vez, Yoli recibi\u00f3 a Juana Aguirre, del Centro de Salud de barrio Guadalupe, en Reconquista, una colega que se capacit\u00f3 y pudo acompa\u00f1arla para implementar una estrategia adecuada a la realidad de su territorio.<\/p>\n<figure class=\"image\"><img decoding=\"async\" src=\"https:\/\/norte24cdn.eleco.com.ar\/media\/2024\/10\/contingente_del_gobierno_provincial_en_la_isla_guaycuru.jpeg\" alt=\"Contingente del gobierno provincial en la Isla Guaycur\u00fa.\" \/><\/figure>\n<p>Experiencia<\/p>\n<p>Juntas recorrieron las casas, con el padr\u00f3n donde est\u00e1n identificados quienes nacieron entre 2005 y 2009. Yoli solo lo usa para completar el registro de las dosis que aplican. Conoce bien a cada uno y sin necesidad de consultar depura el listado: identifica a los que se mudaron a Cecilio Echeverr\u00eda, en Corrientes, para estudiar o trabajar y ya no van a regresar; y de los que quedan, sabe a qu\u00e9 hora los puede encontrar, cu\u00e1ndo se van a la escuela los que cursan la secundaria, si est\u00e1n pescando o cuidando el ganado, y van a tardar en volver.<\/p>\n<p>\u201cAc\u00e1 en la isla hay chicos que son mis ahijados de agua de socorro, como se le dice, porque yo soy cat\u00f3lica y ellos tambi\u00e9n, y me lo piden para que sean cat\u00f3licos\u201d, cuenta para explicar la cercan\u00eda con las 60 familias que atiende. \u201cTengo como 20 ahijados, as\u00ed que cada vez que es el cumplea\u00f1os siempre se les da un presente\u201d.<\/p>\n<p>El padr\u00f3n de la isla tambi\u00e9n se diferencia de los de la ciudad por otra caracter\u00edstica que har\u00eda m\u00e1s dif\u00edcil llegar a la poblaci\u00f3n que puede vacunarse. Para llegar a cada familia, hay que desplazarse por los caminos que abre el paso de los isle\u00f1os, algunos a cielo abierto y otros cubiertos de la vegetaci\u00f3n de la isla, donde a\u00fallan los monos caray\u00e1. Yolanda sabe c\u00f3mo llegar a cada lugar: desde los palafitos construidos en las zonas que pueden inundarse cuando crece el Paran\u00e1; como a las que se levantaron en terrenos m\u00e1s altos.<\/p>\n<p>Para Juana, vacunar en la isla Guaycur\u00fa \u201cfue una experiencia distinta a la que hacemos en los centros de salud que conozco. Ac\u00e1 nos recibieron en la Escuela, despu\u00e9s nos encontramos con Yolanda y fuimos casa por casa, caminando, que es distinto a lo que se hace en la ciudad. Eso es lo enriquecedor que tiene ir a terreno\u201d. Sabe la importancia de su tarea porque como ella misma repite \u201clas vacunas salvan vidas\u201d, pero en para el dengue tambi\u00e9n destaca \u201cla necesidad del cuidado en la casa, el uso del repelente, el descacharrado, que es re-importante, desechar el agua que queda acumulada, sobre todo en estos d\u00edas que llovi\u00f3 porque el mosquito busca el agua limpia para poner sus huevos\u201d.<\/p>\n","protected":false},"excerpt":{"rendered":"<p>Yolanda Elvira G\u00f3mez es la enfermera que atiende a la poblaci\u00f3n de la isla Guaycur\u00fa, donde vive la mayor parte del mes. Cuando le preguntan cu\u00e1nto tiempo lleva trabajando en la isla, responde con la fecha exacta en que fue asignada como agente sanitaria: \u201cDesde el 11 de febrero de 2003\u201d. Una vez al mes [&hellip;]<\/p>\n","protected":false},"author":3,"featured_media":56257,"comment_status":"closed","ping_status":"closed","sticky":false,"template":"","format":"standard","meta":{"_joinchat":[],"footnotes":""},"categories":[61],"tags":[],"class_list":{"0":"post-56256","1":"post","2":"type-post","3":"status-publish","4":"format-standard","5":"has-post-thumbnail","7":"category-regionales"},"_links":{"self":[{"href":"https:\/\/infovera.com.ar\/web\/wp-json\/wp\/v2\/posts\/56256","targetHints":{"allow":["GET"]}}],"collection":[{"href":"https:\/\/infovera.com.ar\/web\/wp-json\/wp\/v2\/posts"}],"about":[{"href":"https:\/\/infovera.com.ar\/web\/wp-json\/wp\/v2\/types\/post"}],"author":[{"embeddable":true,"href":"https:\/\/infovera.com.ar\/web\/wp-json\/wp\/v2\/users\/3"}],"replies":[{"embeddable":true,"href":"https:\/\/infovera.com.ar\/web\/wp-json\/wp\/v2\/comments?post=56256"}],"version-history":[{"count":0,"href":"https:\/\/infovera.com.ar\/web\/wp-json\/wp\/v2\/posts\/56256\/revisions"}],"wp:featuredmedia":[{"embeddable":true,"href":"https:\/\/infovera.com.ar\/web\/wp-json\/wp\/v2\/media\/56257"}],"wp:attachment":[{"href":"https:\/\/infovera.com.ar\/web\/wp-json\/wp\/v2\/media?parent=56256"}],"wp:term":[{"taxonomy":"category","embeddable":true,"href":"https:\/\/infovera.com.ar\/web\/wp-json\/wp\/v2\/categories?post=56256"},{"taxonomy":"post_tag","embeddable":true,"href":"https:\/\/infovera.com.ar\/web\/wp-json\/wp\/v2\/tags?post=56256"}],"curies":[{"name":"wp","href":"https:\/\/api.w.org\/{rel}","templated":true}]}}