{"id":56156,"date":"2024-10-15T14:12:11","date_gmt":"2024-10-15T17:12:11","guid":{"rendered":"https:\/\/infovera.com.ar\/web\/?p=56156"},"modified":"2024-10-15T14:12:11","modified_gmt":"2024-10-15T17:12:11","slug":"scarpin-presento-una-accion-de-amparo-por-el-inviable-estado-de-la-ruta-11","status":"publish","type":"post","link":"https:\/\/infovera.com.ar\/web\/2024\/10\/15\/scarpin-presento-una-accion-de-amparo-por-el-inviable-estado-de-la-ruta-11\/","title":{"rendered":"Scarpin present\u00f3 una acci\u00f3n de amparo por el inviable estado de la Ruta 11"},"content":{"rendered":"<p>En el fuero federal de Reconquista. El reclamo judicial busca forzar una respuesta inmediata del gobierno nacional. Las tareas de bacheo no dieron resultado y hay tramos donde se circula por una sola mano.<\/p>\n<p>Los accidentes fatales se suceden sin cesar en la explotada traza vial de la Ruta 11, al norte de Santa Fe. Tan solo en el lapso de un mes, dos personas perdieron la vida en sendos siniestros viales: el polic\u00eda Cristian Bonaldi (50) falleci\u00f3 tr\u00e1gicamente a principios de septiembre cuando un cami\u00f3n colision\u00f3 con el auto en el que viajaba al norte de Calchaqu\u00ed; en tanto, la semana pasada una mujer de 62 a\u00f1os oriunda de Arroyo Seco falleci\u00f3 como consecuencia de los vuelcos que dio el veh\u00edculo en el que circulaba tras morder la banquina en un punto ubicado 10 kil\u00f3metros al sur de la misma ciudad.<\/p>\n<p>M\u00e1s ac\u00e1 en el tiempo, en los \u00faltimos d\u00edas se registraron dos incidentes viales con lesionados en las traves\u00edas urbanas de la arteria nacional de Avellaneda y Villa Ocampo. Son n\u00fameros que evidencian el terror que impera al circular por la la ruta, que engrosan las estad\u00edsticas, pero que no logran hacer mella en el \u00e1nimo del gobierno nacional que se muestra muy lejos de atinar a brindar soluciones.<\/p>\n<p>Los recurrentes reclamos de las m\u00e1s altas esferas del gobierno provincial, los pedidos urgentes de autoridades y fuerzas vivas del norte de la bota santafesina, los se\u00f1alamientos cr\u00edticos de los familiares de v\u00edctimas del tr\u00e1nsito imposible y criminal de la Ruta 11 no tuvieron eco en la administraci\u00f3n Milei, ni de cerca.<\/p>\n<p>Se suma para restar que las obras de bacheos, sobre todo en el trayecto Vera &#8211; Reconquista, fueron deficitarias al punto que en algunos sectores los pozos volvieron a florecer, desafiantes y a la espera de tender una emboscada mortal a quienes osen sobrepasarlos.<\/p>\n<p><strong>Recurso urgente\u00a0<\/strong><\/p>\n<p>En este contexto de la Naci\u00f3n, el diputado provincial Dionisio Scarpin present\u00f3 una acci\u00f3n de amparo en la justicia federal para la reparaci\u00f3n inmediata, con fundamento el estado deplorable \u00a0y la falta de trabajos de mantenimiento en esta v\u00eda de comunicaci\u00f3n. \u201cNo podemos seguir esperando m\u00e1s. La ruta est\u00e1 cada vez en peores condiciones y es un riesgo de vida para todos quienes transitamos por ella\u201d, afirm\u00f3.<\/p>\n<p>Tras los constantes reclamos sin respuesta, Scarpin decidi\u00f3 llevar el pedido de reparaci\u00f3n de la Ruta Nacional 11 a la justicia federal mediante una acci\u00f3n de amparo. \u201cEste es un recurso urgente que incluye una medida cautelar, para forzar una respuesta inmediata. No podemos esperar mientras sigue en riesgo la vida de quienes transitamos por esta ruta&#8221;, expres\u00f3.<\/p>\n<p>En su presentaci\u00f3n, el legisladoe norte\u00f1o afirm\u00f3 que el deterioro de la ruta es evidente y agreg\u00f3: &#8220;Hay tramos que est\u00e1n peor que hace dos meses y mucho peor que hace a\u00f1os&#8221;. En ese sentido, sostuvo: \u201cComo funcionarios y representantes de la comunidad no podemos quedarnos de brazos cruzados, por eso decidimos avanzar con esta acci\u00f3n judicial&#8221;.<\/p>\n<p>En el texto presentado ante el Juzgado Federal de Primera Instancia de Reconquista, Scarpin solicit\u00f3 que la Direcci\u00f3n Nacional de Vialidad realice la reparaci\u00f3n integral de la Ruta 11 de manera urgente. \u201cCon este amparo buscamos respuestas inmediatas a trav\u00e9s del sistema judicial; lo que no logramos ni con el di\u00e1logo, ni con presentaciones de proyectos en el Congreso Nacional y la Legislatura provincial, o mediante audiencias p\u00fablicas\u201d, concluy\u00f3.<\/p>\n","protected":false},"excerpt":{"rendered":"<p>En el fuero federal de Reconquista. El reclamo judicial busca forzar una respuesta inmediata del gobierno nacional. Las tareas de bacheo no dieron resultado y hay tramos donde se circula por una sola mano. Los accidentes fatales se suceden sin cesar en la explotada traza vial de la Ruta 11, al norte de Santa Fe. [&hellip;]<\/p>\n","protected":false},"author":3,"featured_media":34914,"comment_status":"closed","ping_status":"closed","sticky":false,"template":"","format":"standard","meta":{"_joinchat":[],"footnotes":""},"categories":[55,61],"tags":[],"class_list":{"0":"post-56156","1":"post","2":"type-post","3":"status-publish","4":"format-standard","5":"has-post-thumbnail","7":"category-reconquista","8":"category-regionales"},"_links":{"self":[{"href":"https:\/\/infovera.com.ar\/web\/wp-json\/wp\/v2\/posts\/56156","targetHints":{"allow":["GET"]}}],"collection":[{"href":"https:\/\/infovera.com.ar\/web\/wp-json\/wp\/v2\/posts"}],"about":[{"href":"https:\/\/infovera.com.ar\/web\/wp-json\/wp\/v2\/types\/post"}],"author":[{"embeddable":true,"href":"https:\/\/infovera.com.ar\/web\/wp-json\/wp\/v2\/users\/3"}],"replies":[{"embeddable":true,"href":"https:\/\/infovera.com.ar\/web\/wp-json\/wp\/v2\/comments?post=56156"}],"version-history":[{"count":0,"href":"https:\/\/infovera.com.ar\/web\/wp-json\/wp\/v2\/posts\/56156\/revisions"}],"wp:featuredmedia":[{"embeddable":true,"href":"https:\/\/infovera.com.ar\/web\/wp-json\/wp\/v2\/media\/34914"}],"wp:attachment":[{"href":"https:\/\/infovera.com.ar\/web\/wp-json\/wp\/v2\/media?parent=56156"}],"wp:term":[{"taxonomy":"category","embeddable":true,"href":"https:\/\/infovera.com.ar\/web\/wp-json\/wp\/v2\/categories?post=56156"},{"taxonomy":"post_tag","embeddable":true,"href":"https:\/\/infovera.com.ar\/web\/wp-json\/wp\/v2\/tags?post=56156"}],"curies":[{"name":"wp","href":"https:\/\/api.w.org\/{rel}","templated":true}]}}