{"id":56104,"date":"2024-10-14T13:19:18","date_gmt":"2024-10-14T16:19:18","guid":{"rendered":"https:\/\/infovera.com.ar\/web\/?p=56104"},"modified":"2024-10-14T14:16:50","modified_gmt":"2024-10-14T17:16:50","slug":"la-fiesta-del-amigo-fue-un-exito","status":"publish","type":"post","link":"https:\/\/infovera.com.ar\/web\/2024\/10\/14\/la-fiesta-del-amigo-fue-un-exito\/","title":{"rendered":"La Fiesta del Amigo fue un \u00e9xito"},"content":{"rendered":"<p>La edici\u00f3n 39 del tradicional evento de La Gallareta fue multitudinaria.<\/p>\n<p>Comenz\u00f3 el viernes con la m\u00fasica en vivo de DJ Brian S\u00e1nchez, continu\u00f3 el s\u00e1bado con las actuaciones de DJ Neo y Kaniche.<\/p>\n<p>Tambi\u00e9n durante s\u00e1bado y domingo tuvieron lugar el Torneo Amistad de F\u00fatbol, la Pe\u00f1a Mario Adolfo Campos con la presencia en el escenario de los integrantes del Taller Comunal de Guitarra y Canto, Grupo Los Jaaukanig\u00e1s, Grupo La 820 y Marito Ram\u00edrez y la Nueva Yunta, m\u00e1s Naiara Roda, el Taller Comunal Phiau Koe, Encuentro Chamamecero.<\/p>\n<p>El presidente comunal Fernando Nicola agradeci\u00f3 &#8220;a todas las personas que hicieron de estos d\u00edas una fiesta maravillosa. Entre risas, reencuentros, bailes y f\u00fatbol, cientos de personas disfrutaron de nuestra tradicional Fiesta del Amigo. En lo personal, el marco de gente que asisti\u00f3 al evento super\u00f3 todas las expectativas. El evento se desarroll\u00f3 en un ambiente c\u00e1lido, ameno y festivo. Donde la alegr\u00eda del encuentro se percib\u00eda&#8221;.<\/p>\n<p>En ese sentido, expres\u00f3: &#8220;No quiero dejar de agradecer a todos los que de una u otra manera aportaron para que esta fiesta sea un \u00e9xito. A los que trabajaron en el sonido, al personal policial, \u00e1rbitros, locutores, al personal de limpieza, barra; y a todo el equipo de trabajo para lograr que nuestra gran fiesta salga lo mejor posible. Cada a\u00f1o intentamos mejorar m\u00e1s y creo que los resultados est\u00e1n a la vista&#8221;.<\/p>\n<p>&#8220;Gracias nuevamente a los amigos que vinieron de afuera y un buen regreso a sus hogares.<br \/>\nCon alegr\u00eda y algo de nostalgia despedimos a nuestros amigos de otros lugares dese\u00e1ndole un viaje tranquilo y esper\u00e1ndolos en nuestra pr\u00f3xima fiesta&#8221;, invit\u00f3.<\/p>\n<p><a href=\"https:\/\/infovera.com.ar\/web\/wp-content\/uploads\/2024\/10\/fiesta.jpg\"><img loading=\"lazy\" decoding=\"async\" class=\"alignleft size-full wp-image-56106\" src=\"https:\/\/infovera.com.ar\/web\/wp-content\/uploads\/2024\/10\/fiesta.jpg\" alt=\"\" width=\"2048\" height=\"946\" srcset=\"https:\/\/infovera.com.ar\/web\/wp-content\/uploads\/2024\/10\/fiesta.jpg 2048w, https:\/\/infovera.com.ar\/web\/wp-content\/uploads\/2024\/10\/fiesta-696x321.jpg 696w, https:\/\/infovera.com.ar\/web\/wp-content\/uploads\/2024\/10\/fiesta-1068x493.jpg 1068w, https:\/\/infovera.com.ar\/web\/wp-content\/uploads\/2024\/10\/fiesta-909x420.jpg 909w\" sizes=\"auto, (max-width: 2048px) 100vw, 2048px\" \/><\/a><\/p>\n","protected":false},"excerpt":{"rendered":"<p>La edici\u00f3n 39 del tradicional evento de La Gallareta fue multitudinaria. Comenz\u00f3 el viernes con la m\u00fasica en vivo de DJ Brian S\u00e1nchez, continu\u00f3 el s\u00e1bado con las actuaciones de DJ Neo y Kaniche. Tambi\u00e9n durante s\u00e1bado y domingo tuvieron lugar el Torneo Amistad de F\u00fatbol, la Pe\u00f1a Mario Adolfo Campos con la presencia en [&hellip;]<\/p>\n","protected":false},"author":3,"featured_media":56105,"comment_status":"closed","ping_status":"closed","sticky":false,"template":"","format":"standard","meta":{"_joinchat":[],"footnotes":""},"categories":[51,36,44],"tags":[],"class_list":{"0":"post-56104","1":"post","2":"type-post","3":"status-publish","4":"format-standard","5":"has-post-thumbnail","7":"category-locales","8":"category-sociedad","9":"category-turismo"},"_links":{"self":[{"href":"https:\/\/infovera.com.ar\/web\/wp-json\/wp\/v2\/posts\/56104","targetHints":{"allow":["GET"]}}],"collection":[{"href":"https:\/\/infovera.com.ar\/web\/wp-json\/wp\/v2\/posts"}],"about":[{"href":"https:\/\/infovera.com.ar\/web\/wp-json\/wp\/v2\/types\/post"}],"author":[{"embeddable":true,"href":"https:\/\/infovera.com.ar\/web\/wp-json\/wp\/v2\/users\/3"}],"replies":[{"embeddable":true,"href":"https:\/\/infovera.com.ar\/web\/wp-json\/wp\/v2\/comments?post=56104"}],"version-history":[{"count":0,"href":"https:\/\/infovera.com.ar\/web\/wp-json\/wp\/v2\/posts\/56104\/revisions"}],"wp:featuredmedia":[{"embeddable":true,"href":"https:\/\/infovera.com.ar\/web\/wp-json\/wp\/v2\/media\/56105"}],"wp:attachment":[{"href":"https:\/\/infovera.com.ar\/web\/wp-json\/wp\/v2\/media?parent=56104"}],"wp:term":[{"taxonomy":"category","embeddable":true,"href":"https:\/\/infovera.com.ar\/web\/wp-json\/wp\/v2\/categories?post=56104"},{"taxonomy":"post_tag","embeddable":true,"href":"https:\/\/infovera.com.ar\/web\/wp-json\/wp\/v2\/tags?post=56104"}],"curies":[{"name":"wp","href":"https:\/\/api.w.org\/{rel}","templated":true}]}}