{"id":56015,"date":"2024-10-11T18:09:56","date_gmt":"2024-10-11T21:09:56","guid":{"rendered":"https:\/\/infovera.com.ar\/web\/?p=56015"},"modified":"2024-10-11T18:12:05","modified_gmt":"2024-10-11T21:12:05","slug":"docentes-rechazaron-la-oferta-salarial-y-lanzaron-medidas-de-protestas","status":"publish","type":"post","link":"https:\/\/infovera.com.ar\/web\/2024\/10\/11\/docentes-rechazaron-la-oferta-salarial-y-lanzaron-medidas-de-protestas\/","title":{"rendered":"Docentes rechazaron la oferta salarial y lanzaron medidas de protesta"},"content":{"rendered":"<p>La Asamblea Provincial de AMSAFE defini\u00f3 este viernes 11 de octubre por ampl\u00edsima mayor\u00eda, con el voto de m\u00e1s de 21.789 afiliados, de los cuales 20.395 fueron por el rechazo de la propuesta que hiciera el Gobierno de la Provincia en el \u00e1mbito de la Paritaria Docente.<\/p>\n<p>En la resoluci\u00f3n se subray\u00f3, entre otros temas, que dicha propuesta &#8220;es totalmente insuficiente y no compensa la p\u00e9rdida salarial frente a la inflaci\u00f3n, que los compa\u00f1eros y compa\u00f1eras jubilados no cobrar\u00edan el aumento simult\u00e1neamente con los activos y que no resuelve los temas pendientes, como el incumplimiento del acta paritaria que establec\u00eda la convocatoria a traslado y concurso en IPE&#8221;.<\/p>\n<p>Adem\u00e1s, el gremio incluy\u00f3:<\/p>\n<p>\u2022 El incumplimiento de la paritaria salarial 2023<br \/>\n\u2022 La p\u00e9rdida de salario frente a la inflaci\u00f3n<br \/>\n\u2022 El descuento de los d\u00edas de paro<br \/>\n\u2022 La inconstitucionalidad de la Reforma Previsional<br \/>\n\u2022 Las decisiones unilaterales del Ministerio de Educaci\u00f3n en temas que corresponden al \u00e1mbito paritario<br \/>\n\u2022 La falta de respuesta por parte del Ministerio de Trabajo a las presentaciones referidas a descuentos de d\u00edas de paro y \u201cpremio de asistencia\u201d<br \/>\n\u2022 El \u201cPremio a la asistencia perfecta\u201d que exigimos urgente derogaci\u00f3n.<br \/>\n\u2022 El desconocimiento del amparo referido a impuesto a las ganancias obtenido por CTERA, que fue debidamente comunicado al Ministerio de Educaci\u00f3n y a la Caja de Jubilaciones.<br \/>\n\u2022 Los problemas con auditor\u00edas y juntas m\u00e9dicas<br \/>\n\u2022 Que se rechazan sistem\u00e1tica e injustificadamente solicitudes de reconocimiento de Accidentes de trabajo y enfermedad profesional.<br \/>\n\u2022 La discriminaci\u00f3n a secretarios, pro secretarios, bibliotecarios, preceptores y compa\u00f1eros y compa\u00f1eras en tareas diferentes<br \/>\n\u2022 La estigmatizaci\u00f3n constante a la docencia<br \/>\n\u2022 Las problem\u00e1ticas referidas al funcionamiento de IAPOS, cortes de prestaciones, aumentos que no condicen con el salario, discriminaci\u00f3n a afiliados del interior, etc.<\/p>\n<p>&#8220;Con esta resoluci\u00f3n queda claramente establecida la posici\u00f3n de las trabajadoras y los trabajadores de la educaci\u00f3n nucleados en AMSAFE que en en las jornadas definidas para el 15 y 23 de octubre dar\u00e1n una muestra m\u00e1s de contundencia en las escuelas y en la calle dici\u00e9ndole al Gobierno: Ni un paso atr\u00e1s&#8221;.<\/p>\n","protected":false},"excerpt":{"rendered":"<p>La Asamblea Provincial de AMSAFE defini\u00f3 este viernes 11 de octubre por ampl\u00edsima mayor\u00eda, con el voto de m\u00e1s de 21.789 afiliados, de los cuales 20.395 fueron por el rechazo de la propuesta que hiciera el Gobierno de la Provincia en el \u00e1mbito de la Paritaria Docente. En la resoluci\u00f3n se subray\u00f3, entre otros temas, [&hellip;]<\/p>\n","protected":false},"author":3,"featured_media":56017,"comment_status":"closed","ping_status":"closed","sticky":false,"template":"","format":"standard","meta":{"_joinchat":[],"footnotes":""},"categories":[60],"tags":[],"class_list":{"0":"post-56015","1":"post","2":"type-post","3":"status-publish","4":"format-standard","5":"has-post-thumbnail","7":"category-provinciales"},"_links":{"self":[{"href":"https:\/\/infovera.com.ar\/web\/wp-json\/wp\/v2\/posts\/56015","targetHints":{"allow":["GET"]}}],"collection":[{"href":"https:\/\/infovera.com.ar\/web\/wp-json\/wp\/v2\/posts"}],"about":[{"href":"https:\/\/infovera.com.ar\/web\/wp-json\/wp\/v2\/types\/post"}],"author":[{"embeddable":true,"href":"https:\/\/infovera.com.ar\/web\/wp-json\/wp\/v2\/users\/3"}],"replies":[{"embeddable":true,"href":"https:\/\/infovera.com.ar\/web\/wp-json\/wp\/v2\/comments?post=56015"}],"version-history":[{"count":0,"href":"https:\/\/infovera.com.ar\/web\/wp-json\/wp\/v2\/posts\/56015\/revisions"}],"wp:featuredmedia":[{"embeddable":true,"href":"https:\/\/infovera.com.ar\/web\/wp-json\/wp\/v2\/media\/56017"}],"wp:attachment":[{"href":"https:\/\/infovera.com.ar\/web\/wp-json\/wp\/v2\/media?parent=56015"}],"wp:term":[{"taxonomy":"category","embeddable":true,"href":"https:\/\/infovera.com.ar\/web\/wp-json\/wp\/v2\/categories?post=56015"},{"taxonomy":"post_tag","embeddable":true,"href":"https:\/\/infovera.com.ar\/web\/wp-json\/wp\/v2\/tags?post=56015"}],"curies":[{"name":"wp","href":"https:\/\/api.w.org\/{rel}","templated":true}]}}