{"id":56005,"date":"2024-10-11T14:25:38","date_gmt":"2024-10-11T17:25:38","guid":{"rendered":"https:\/\/infovera.com.ar\/web\/?p=56005"},"modified":"2024-10-12T13:50:04","modified_gmt":"2024-10-12T16:50:04","slug":"interna-del-pj-en-vera-el-rossismo-apoyo-a-cristina-pero-el-justicialismo-partidario-se-declararia-prescindente","status":"publish","type":"post","link":"https:\/\/infovera.com.ar\/web\/2024\/10\/11\/interna-del-pj-en-vera-el-rossismo-apoyo-a-cristina-pero-el-justicialismo-partidario-se-declararia-prescindente\/","title":{"rendered":"Interna del PJ: en Vera, el rossismo apoyo a Cristina, pero el justicialismo partidario se declarar\u00eda prescindente"},"content":{"rendered":"<p>La interna del PJ a nivel nacional entre Cristina Fern\u00e1ndez de Kirchner, y el gobernador riojano Ricardo Quintela -apoyado por el gobernador Axel Kicillof-, tiene en la ciudad de Vera posturas dis\u00edmiles.<\/p>\n<p>En la ciudad cabecera del departamento hom\u00f3nimo, el panorama se presenta dispar. Mientras el sector del rossismo confirm\u00f3 su adhesi\u00f3n a Cristina Kirchner, la autoridad partidaria local no tomar\u00eda posici\u00f3n definida entre los contendientes: \u201c El justicialismo de Vera entiende que hoy el peronismo no est\u00e1 para internas\u201d, sino que \u201cest\u00e1 para sumar, juntarnos entre todos y poder ser opci\u00f3n provincial y nacional en las pr\u00f3ximas elecciones\u201d, asegur\u00f3 el titular de la Unidad B\u00e1sica del distrito, Dr. Sixto Gonz\u00e1lez.<\/p>\n<p>Alejandro &#8220;Oso&#8221; Bustos, referente de Agust\u00edn Rossi en Vera, dijo que &#8220;nosotros acompa\u00f1amos a Cristina, como siempre, y no solo mi grupo sino tambi\u00e9n muchos compa\u00f1eros de muchos sectores&#8221;. Y ante el aval del exdiputado albertista Leandro &#8220;Kiko&#8221; Busatto a Quintela -qued\u00f3 como apoderado-, Bustos no dud\u00f3 en fijar que el rossismo apoya a CFK, sin fisuras.<\/p>\n<p>Consultado por <strong>InfoVera<\/strong>, el concejal Mario Souilh\u00e9, tambi\u00e9n se expidi\u00f3 al respecto: &#8220;M\u00e1s all\u00e1 de mis disidencias con respecto al armado del partido a nivel provincial, departamental y local, del cual yo no integro ni participo por decisi\u00f3n propia, obviamente todav\u00eda mantengo mi condici\u00f3n de afiliado y en mi condici\u00f3n de afiliado voy a firmar muy probablemente el aval por Cristina como presidenta del partido&#8221;.<\/p>\n<p>El edil, \u00fanico representante opositor en el Concejo, sostuvo que &#8220;no s\u00e9 c\u00f3mo se estar\u00e1n alineando ac\u00e1 los otros sectores, pero en realidad yo, como estoy fuera de la estructura partidaria, como afiliado \u00fanicamente al justicialismo, voy a firmar el aval por Cristina. As\u00ed que eso es lo \u00fanico que te puedo decir porque despu\u00e9s nadie me llam\u00f3, nadie me convoc\u00f3, nadie me dijo nada con respecto a la firma de los avales, de las afiliaciones&#8221;, y a\u00f1adi\u00f3 que Movimiento Evita, con el que &#8220;yo mantengo una relaci\u00f3n cordial, tampoco ha bajado l\u00ednea con respecto a ese tema, as\u00ed que hasta ahora no tengo informaci\u00f3n al respecto, solamente te comento lo que voy a hacer a t\u00edtulo personal&#8221;.<\/p>\n<p><a href=\"https:\/\/infovera.com.ar\/web\/wp-content\/uploads\/2024\/10\/flor.png\"><img loading=\"lazy\" decoding=\"async\" class=\"alignleft size-full wp-image-56007\" src=\"https:\/\/infovera.com.ar\/web\/wp-content\/uploads\/2024\/10\/flor.png\" alt=\"\" width=\"1140\" height=\"659\" srcset=\"https:\/\/infovera.com.ar\/web\/wp-content\/uploads\/2024\/10\/flor.png 1140w, https:\/\/infovera.com.ar\/web\/wp-content\/uploads\/2024\/10\/flor-696x402.png 696w, https:\/\/infovera.com.ar\/web\/wp-content\/uploads\/2024\/10\/flor-1068x617.png 1068w, https:\/\/infovera.com.ar\/web\/wp-content\/uploads\/2024\/10\/flor-727x420.png 727w\" sizes=\"auto, (max-width: 1140px) 100vw, 1140px\" \/><\/a><\/p>\n<p><strong>En General Obligado<\/strong><\/p>\n<p>La diputada nacional Florencia Carignano mantuvo encuentros con dirigentes del amplio abanico de l\u00edneas internas del peronismo en Las Toscas, Villa Ocampo y Reconquista en busca de alinear voluntades -y avales- que sustenten la candidatura de CFK a la presidencia del partido.<\/p>\n<p>La legisladora de Uni\u00f3n por la Patria logr\u00f3 sublimar esfuerzos, pensamientos e inquietudes detr\u00e1s del objetivo de \u201creunir 100 mil avales para que Cristina presida del PJ\u201d y manifest\u00f3 que \u201cel peronismo est\u00e1 en cada uno de los lugares, est\u00e1 trabajando y haciendo lo que debe hacer, obrando para que la gente pueda vivir mejor en un contexto muy dif\u00edcil tanto en lo nacional como provincial\u201d.<\/p>\n<p>\u201cAhora hay que reconstruir y empezar a generar una opci\u00f3n para todos aquellos que se ven decepcionados, para que en las pr\u00f3ximas elecciones podamos mostrarles algo diferente sin caer en los excesos&#8221;, reflexion\u00f3 en declaraciones a medios de prensa, en tanto afirm\u00f3 que &#8220;Cristina debe ser la presidenta del PJ, es la \u00fanica que puede ponerle un freno a Milei, necesitamos una persona que no tenga miedo\u201d.<\/p>\n<p><strong>Sin claudicaciones<\/strong><\/p>\n<p>Tras su paso por la regi\u00f3n, el Concejo Ejecutivo Departamental del Partido Justicialista de General Obligado emiti\u00f3 un comunicado rubricado por su secretario general Mariano Luis Enriquez -del sector de Agust\u00edn Rossi-, en el que expres\u00f3 el apoyo \u201csin claudicaciones de la candidatura de la doctora Cristina Fern\u00e1ndez de Kirchner como presidente del Partido Justicialista Nacional\u201d.<\/p>\n<p>El espacio partidario argument\u00f3 su postura en raz\u00f3n de que \u201cen nuestra patria convergen lo m\u00e1s ruin de las pol\u00edticas liberales y la postura mesi\u00e1nica de un presidente cuyo eje rector es achicar el Estado dejando librado a su suerte al pueblo argentino. Las pol\u00edticas esbozadas por el gobierno nacional constituyen una amenaza a las estructuras m\u00e1s profundas de nuestro acervo nacional y productivo\u201d.<\/p>\n<p>Paralelamente, expuso que \u201cfrente a estas circunstancias es menester con car\u00e1cter de emergencia que el Partido Justicialista recupere su rol protag\u00f3nico en el escenario pol\u00edtico significando una verdadera alternativa a Milei y su casta. En tal sentido no podemos permanecer imp\u00e1vidos como partido. Debemos movilizarnos en pos de la candidatura presidente del partido de Cristina Fern\u00e1ndez de Kirchner\u201d.<\/p>\n<p><a href=\"https:\/\/infovera.com.ar\/web\/wp-content\/uploads\/2024\/10\/aval.jpg\"><img loading=\"lazy\" decoding=\"async\" class=\"alignleft size-full wp-image-56008\" src=\"https:\/\/infovera.com.ar\/web\/wp-content\/uploads\/2024\/10\/aval.jpg\" alt=\"\" width=\"931\" height=\"1280\" srcset=\"https:\/\/infovera.com.ar\/web\/wp-content\/uploads\/2024\/10\/aval.jpg 931w, https:\/\/infovera.com.ar\/web\/wp-content\/uploads\/2024\/10\/aval-696x957.jpg 696w, https:\/\/infovera.com.ar\/web\/wp-content\/uploads\/2024\/10\/aval-305x420.jpg 305w\" sizes=\"auto, (max-width: 931px) 100vw, 931px\" \/><\/a><\/p>\n","protected":false},"excerpt":{"rendered":"<p>La interna del PJ a nivel nacional entre Cristina Fern\u00e1ndez de Kirchner, y el gobernador riojano Ricardo Quintela -apoyado por el gobernador Axel Kicillof-, tiene en la ciudad de Vera posturas dis\u00edmiles. En la ciudad cabecera del departamento hom\u00f3nimo, el panorama se presenta dispar. Mientras el sector del rossismo confirm\u00f3 su adhesi\u00f3n a Cristina Kirchner, [&hellip;]<\/p>\n","protected":false},"author":3,"featured_media":56006,"comment_status":"closed","ping_status":"closed","sticky":false,"template":"","format":"standard","meta":{"_joinchat":[],"footnotes":""},"categories":[53],"tags":[],"class_list":{"0":"post-56005","1":"post","2":"type-post","3":"status-publish","4":"format-standard","5":"has-post-thumbnail","7":"category-vera"},"_links":{"self":[{"href":"https:\/\/infovera.com.ar\/web\/wp-json\/wp\/v2\/posts\/56005","targetHints":{"allow":["GET"]}}],"collection":[{"href":"https:\/\/infovera.com.ar\/web\/wp-json\/wp\/v2\/posts"}],"about":[{"href":"https:\/\/infovera.com.ar\/web\/wp-json\/wp\/v2\/types\/post"}],"author":[{"embeddable":true,"href":"https:\/\/infovera.com.ar\/web\/wp-json\/wp\/v2\/users\/3"}],"replies":[{"embeddable":true,"href":"https:\/\/infovera.com.ar\/web\/wp-json\/wp\/v2\/comments?post=56005"}],"version-history":[{"count":0,"href":"https:\/\/infovera.com.ar\/web\/wp-json\/wp\/v2\/posts\/56005\/revisions"}],"wp:featuredmedia":[{"embeddable":true,"href":"https:\/\/infovera.com.ar\/web\/wp-json\/wp\/v2\/media\/56006"}],"wp:attachment":[{"href":"https:\/\/infovera.com.ar\/web\/wp-json\/wp\/v2\/media?parent=56005"}],"wp:term":[{"taxonomy":"category","embeddable":true,"href":"https:\/\/infovera.com.ar\/web\/wp-json\/wp\/v2\/categories?post=56005"},{"taxonomy":"post_tag","embeddable":true,"href":"https:\/\/infovera.com.ar\/web\/wp-json\/wp\/v2\/tags?post=56005"}],"curies":[{"name":"wp","href":"https:\/\/api.w.org\/{rel}","templated":true}]}}