{"id":55934,"date":"2024-10-09T13:12:48","date_gmt":"2024-10-09T16:12:48","guid":{"rendered":"https:\/\/infovera.com.ar\/web\/?p=55934"},"modified":"2024-10-09T19:28:07","modified_gmt":"2024-10-09T22:28:07","slug":"la-corte-suspendio-los-terminos-procesales-y-audiencias-por-el-paro-judicial","status":"publish","type":"post","link":"https:\/\/infovera.com.ar\/web\/2024\/10\/09\/la-corte-suspendio-los-terminos-procesales-y-audiencias-por-el-paro-judicial\/","title":{"rendered":"La Corte suspendi\u00f3 los t\u00e9rminos procesales y audiencias por el paro judicial"},"content":{"rendered":"<p>Con relaci\u00f3n al paro de actividades dispuesto por el Sindicato de Trabajadores Judiciales de la Provincia de Santa Fe para el jueves 10, que obstar\u00e1 el normal desenvolvimiento de la actividad judicial en los Tribunales de la Provincia, y afectar\u00e1 especialmente el desarrollo de las tareas propias de los profesionales del foro, la Corte dispuso\u00a0la suspensi\u00f3n de los t\u00e9rminos procesales y audiencias en las sedes judiciales de la Provincia de Santa Fe, sin perjuicio de las actividades que los respectivos responsables de las unidades jurisdiccionales dispongan realizar y de los actos que mediando consentimiento de las partes se ejecuten.<\/p>\n<p>El comunicado lleva la firma del presidente del Tribunal, Rafael Guti\u00e9rrez, y del secretario Borda.<\/p>\n","protected":false},"excerpt":{"rendered":"<p>Con relaci\u00f3n al paro de actividades dispuesto por el Sindicato de Trabajadores Judiciales de la Provincia de Santa Fe para el jueves 10, que obstar\u00e1 el normal desenvolvimiento de la actividad judicial en los Tribunales de la Provincia, y afectar\u00e1 especialmente el desarrollo de las tareas propias de los profesionales del foro, la Corte dispuso\u00a0la [&hellip;]<\/p>\n","protected":false},"author":3,"featured_media":50525,"comment_status":"closed","ping_status":"closed","sticky":false,"template":"","format":"standard","meta":{"_joinchat":[],"footnotes":""},"categories":[60],"tags":[],"class_list":{"0":"post-55934","1":"post","2":"type-post","3":"status-publish","4":"format-standard","5":"has-post-thumbnail","7":"category-provinciales"},"_links":{"self":[{"href":"https:\/\/infovera.com.ar\/web\/wp-json\/wp\/v2\/posts\/55934","targetHints":{"allow":["GET"]}}],"collection":[{"href":"https:\/\/infovera.com.ar\/web\/wp-json\/wp\/v2\/posts"}],"about":[{"href":"https:\/\/infovera.com.ar\/web\/wp-json\/wp\/v2\/types\/post"}],"author":[{"embeddable":true,"href":"https:\/\/infovera.com.ar\/web\/wp-json\/wp\/v2\/users\/3"}],"replies":[{"embeddable":true,"href":"https:\/\/infovera.com.ar\/web\/wp-json\/wp\/v2\/comments?post=55934"}],"version-history":[{"count":0,"href":"https:\/\/infovera.com.ar\/web\/wp-json\/wp\/v2\/posts\/55934\/revisions"}],"wp:featuredmedia":[{"embeddable":true,"href":"https:\/\/infovera.com.ar\/web\/wp-json\/wp\/v2\/media\/50525"}],"wp:attachment":[{"href":"https:\/\/infovera.com.ar\/web\/wp-json\/wp\/v2\/media?parent=55934"}],"wp:term":[{"taxonomy":"category","embeddable":true,"href":"https:\/\/infovera.com.ar\/web\/wp-json\/wp\/v2\/categories?post=55934"},{"taxonomy":"post_tag","embeddable":true,"href":"https:\/\/infovera.com.ar\/web\/wp-json\/wp\/v2\/tags?post=55934"}],"curies":[{"name":"wp","href":"https:\/\/api.w.org\/{rel}","templated":true}]}}