{"id":55833,"date":"2024-10-07T12:43:30","date_gmt":"2024-10-07T15:43:30","guid":{"rendered":"https:\/\/infovera.com.ar\/web\/?p=55833"},"modified":"2024-10-07T12:43:30","modified_gmt":"2024-10-07T15:43:30","slug":"mas-de-300-aves-liberadas-en-villa-ocampo","status":"publish","type":"post","link":"https:\/\/infovera.com.ar\/web\/2024\/10\/07\/mas-de-300-aves-liberadas-en-villa-ocampo\/","title":{"rendered":"M\u00e1s de 300 aves liberadas en Villa Ocampo"},"content":{"rendered":"<p>El Ministerio de Ambiente y Cambio Clim\u00e1tico de la Provincia, en conjunto con el Comando Radioel\u00e9ctrico Zona Norte, la Unidad Regional 9 y el \u00c1rea de Seguridad e Inspector\u00eda del Municipio de Villa Ocampo, particip\u00f3 en un operativo de control de fauna en la zona rural de dicha localidad. El procedimiento, que comenz\u00f3 el mi\u00e9rcoles 2 de octubre y continu\u00f3 el d\u00eda siguiente, se llev\u00f3 a cabo bajo la orden del Fiscal Juan Carlos Koguc, del Ministerio P\u00fablico de la Acusaci\u00f3n N\u00b04 de Las Toscas.<\/p>\n<p>Durante la primera jornada, personal policial intervino un domicilio deshabitado que presentaba una infraestructura precaria con dos grandes jaulones donde se encontraron m\u00e1s de 300 aves pertenecientes a 15 especies diferentes, entre las cuales se identificaron federales, boyeros, jilgueros, reina mora, pepiteros, monteritas, calandrias, cardenales copete rojo, cardenillas y urracas, entre otras. Los animales se hallaban en condiciones de hacinamiento y abandono. Se observ\u00f3 adem\u00e1s la presencia de aves muertas y signos de desnutrici\u00f3n en algunas de las especies.<\/p>\n<p>&#8220;La protecci\u00f3n de la biodiversidad es un pilar fundamental de nuestra gesti\u00f3n. Seguimos trabajando en fortalecer los controles de fauna, como as\u00ed tambi\u00e9n los de pesca y los de bosques nativos. La provincia cuenta con un marco legal que reglamenta estas actividades y no vamos a tolerar que se viole la ley&#8221;, expres\u00f3 el ministro de Ambiente y Cambio Clim\u00e1tico, Enrique Est\u00e9vez.<\/p>\n<p>El jueves, personal del \u00e1rea de Control y Fiscalizaci\u00f3n de Fauna del Ministerio de Ambiente y Cambio Clim\u00e1tico se hizo presente en el lugar para verificar las actuaciones realizadas por el personal policial y proceder a la identificaci\u00f3n de las especies halladas, as\u00ed como a la recolecci\u00f3n de pruebas de infracci\u00f3n. Se constat\u00f3 la existencia de gran cantidad de elementos de caza prohibidos, tales como trampas, amansadoras, varillas de sost\u00e9n y otros implementos utilizados para la captura, transporte y comercializaci\u00f3n ilegal de fauna silvestre.<\/p>\n<p>El operativo result\u00f3 en el secuestro de 300 aves y la incautaci\u00f3n de 4 tel\u00e9fonos celulares y un veh\u00edculo utilizado para el transporte de las mismas, quedando estos elementos a disposici\u00f3n de la Fiscal\u00eda para avanzar en la causa judicial. En el lugar se labraron las actuaciones administrativas por infracci\u00f3n a la Ley de Caza (Ley 4.830) y normas complementarias, que proh\u00edben el acopio, comercializaci\u00f3n y transporte de especies de fauna silvestre sin autorizaci\u00f3n.<\/p>\n<p>El cuerpo veterinario del Centro de Rescate, Investigaci\u00f3n e Interpretaci\u00f3n de Fauna (CRIIF) &#8220;La Esmeralda&#8221; se encarg\u00f3 de evaluar las condiciones f\u00edsicas y conductuales de las aves decomisadas. La mayor\u00eda de ellas fueron liberadas, asegurando su reintegraci\u00f3n en h\u00e1bitats naturales adecuados. Aquellas que presentaban se\u00f1ales de deficiencia nutricional fueron trasladadas al CRIIF.<\/p>\n<p>Finalmente, todos los elementos prohibidos fueron trasladados al obrador de la Municipalidad de Villa Ocampo para su destrucci\u00f3n final, cerrando as\u00ed el procedimiento con un fuerte mensaje de protecci\u00f3n y preservaci\u00f3n de la fauna aut\u00f3ctona.<\/p>\n<p>El Ministerio de Ambiente continuar\u00e1 realizando este tipo de acciones de control y fiscalizaci\u00f3n para asegurar el cumplimiento de la normativa vigente y proteger la biodiversidad de la provincia.<\/p>\n","protected":false},"excerpt":{"rendered":"<p>El Ministerio de Ambiente y Cambio Clim\u00e1tico de la Provincia, en conjunto con el Comando Radioel\u00e9ctrico Zona Norte, la Unidad Regional 9 y el \u00c1rea de Seguridad e Inspector\u00eda del Municipio de Villa Ocampo, particip\u00f3 en un operativo de control de fauna en la zona rural de dicha localidad. El procedimiento, que comenz\u00f3 el mi\u00e9rcoles [&hellip;]<\/p>\n","protected":false},"author":3,"featured_media":55834,"comment_status":"closed","ping_status":"closed","sticky":false,"template":"","format":"standard","meta":{"_joinchat":[],"footnotes":""},"categories":[61],"tags":[],"class_list":{"0":"post-55833","1":"post","2":"type-post","3":"status-publish","4":"format-standard","5":"has-post-thumbnail","7":"category-regionales"},"_links":{"self":[{"href":"https:\/\/infovera.com.ar\/web\/wp-json\/wp\/v2\/posts\/55833","targetHints":{"allow":["GET"]}}],"collection":[{"href":"https:\/\/infovera.com.ar\/web\/wp-json\/wp\/v2\/posts"}],"about":[{"href":"https:\/\/infovera.com.ar\/web\/wp-json\/wp\/v2\/types\/post"}],"author":[{"embeddable":true,"href":"https:\/\/infovera.com.ar\/web\/wp-json\/wp\/v2\/users\/3"}],"replies":[{"embeddable":true,"href":"https:\/\/infovera.com.ar\/web\/wp-json\/wp\/v2\/comments?post=55833"}],"version-history":[{"count":0,"href":"https:\/\/infovera.com.ar\/web\/wp-json\/wp\/v2\/posts\/55833\/revisions"}],"wp:featuredmedia":[{"embeddable":true,"href":"https:\/\/infovera.com.ar\/web\/wp-json\/wp\/v2\/media\/55834"}],"wp:attachment":[{"href":"https:\/\/infovera.com.ar\/web\/wp-json\/wp\/v2\/media?parent=55833"}],"wp:term":[{"taxonomy":"category","embeddable":true,"href":"https:\/\/infovera.com.ar\/web\/wp-json\/wp\/v2\/categories?post=55833"},{"taxonomy":"post_tag","embeddable":true,"href":"https:\/\/infovera.com.ar\/web\/wp-json\/wp\/v2\/tags?post=55833"}],"curies":[{"name":"wp","href":"https:\/\/api.w.org\/{rel}","templated":true}]}}