{"id":55662,"date":"2024-10-06T18:47:48","date_gmt":"2024-10-06T21:47:48","guid":{"rendered":"https:\/\/infovera.com.ar\/web\/?p=55662"},"modified":"2024-10-06T18:47:48","modified_gmt":"2024-10-06T21:47:48","slug":"provincia-aumenta-un-30-las-partidas-de-ayuda-alimentaria-a-municipios-y-comunas-del-centro-norte","status":"publish","type":"post","link":"https:\/\/infovera.com.ar\/web\/2024\/10\/06\/provincia-aumenta-un-30-las-partidas-de-ayuda-alimentaria-a-municipios-y-comunas-del-centro-norte\/","title":{"rendered":"Provincia aumenta un 30% las partidas de ayuda alimentaria a municipios y comunas del centro norte"},"content":{"rendered":"<p>En el marco del Programa Social Nutricional, se firmaron 90 convenios destinados a asegurar la sana alimentaci\u00f3n de ni\u00f1os entre 2 y 12 a\u00f1os de edad. \u201cEl Gobierno de la Provincia invierte m\u00e1s de $2.600 millones mensuales, esto implica que la decisi\u00f3n pol\u00edtica no solamente est\u00e1 en las palabras, sino tambi\u00e9n en los hechos\u201d, se\u00f1al\u00f3 el secretario de Desarrollo Territorial, Sergio Basile.<\/p>\n<p>El Gobierno de la Provincia, a trav\u00e9s del Ministerio de Igualdad y Desarrollo Humano, en el marco del Programa Social Nutricional (Pro.So.Nut), firm\u00f3 este viernes 90 convenios con municipios y comunas del centro-norte provincial que permiten aumentar un 30% las partidas de ayuda alimentaria destinada a ni\u00f1os entre 2 y 12 a\u00f1os de edad.<\/p>\n<p>\u201cEsta es una decisi\u00f3n muy importante del Gobierno de la Provincia, del gobernador Maximiliano Pullaro y de la ministra Victoria Tejeda, que siempre nos indican que tenemos que estar cerca de los gobierno locales y esta es una estrategia alimentaria en un momento tan dif\u00edcil de la Argentina\u201d, subray\u00f3 el secretario de Desarrollo Territorial, Sergio Basile, para luego remarcar el valor de \u201cla pol\u00edtica alimentaria del Gobierno provincial, que es un pilar fuerte en este Ministerio de Igualdad y Desarrollo Humano. Recordemos que en diciembre de 2023 iniciamos con una inversi\u00f3n mensual de $ 1000 millones en esta l\u00ednea y actualmente, en agosto de 2024, escalamos la inversi\u00f3n hasta superar los $ 2.600 millones. Esto implica que la decisi\u00f3n pol\u00edtica no solamente est\u00e1 en las palabras, sino tambi\u00e9n en los hechos\u201d.<\/p>\n<p>A su turno, la directora de Seguridad Alimentaria, Silvia Diez, explic\u00f3 que \u201cel Gobierno de la Provincia convoca a todos los municipios y comunas a una nueva firma del convenio con un 30% de aumento y tambi\u00e9n participan de una capacitaci\u00f3n de acompa\u00f1amiento continuo a los gobiernos locales sobre rendiciones y nutrici\u00f3n\u201d.<br \/>\nAdem\u00e1s, indic\u00f3 que con los nuevos convenios \u201cse alcanza un total de 190 municipios y comunas en toda la provincia, con el prop\u00f3sito de que los alimentos lleguen a los comedores o servicios de copa de leche para ni\u00f1os de 2 a 12 a\u00f1os\u201d.<\/p>\n<p>Los convenios<\/p>\n<p>Los municipios y comunas que rubricaron los convenios son los siguientes:<br \/>\nMunicipalidades de Rafaela, San Vicente, Esperanza, Tostado, Ceres, San Crist\u00f3bal, San Guillermo, Laguna Paiva, Monte Vera, Recreo, San Jos\u00e9 del Rinc\u00f3n, Santa Fe, Santo Tom\u00e9, Coronda, G\u00e1lvez, San Genaro, San Justo, Avellaneda, Florencia, Las Toscas, Malabrigo, Reconquista, Villa Ocampo, Romang, San Javier, Calchaqu\u00ed y Vera.<\/p>\n<p>Comunas de Ataliva, Frontera, Josefina, Elisa, La Pelada, Pilar, San Carlos Sud, Santa Clara de Buena Vista, Pozo Borrado, San Bernardo, Ambrosetti, Hersilia, Mois\u00e9s Ville, Villa Saralegui, Casas, El Tr\u00e9bol, Cayast\u00e1, Helvecia, Santa Rosa de Calchines, Arroyo Aguiar, Llambi Campbell, Arocena, Bernardo de Irigoyen, Centeno, Estaci\u00f3n Diaz, Maciel, Irigoyen, San Fabi\u00e1n, Colonia Angeloni, Cayastacito, Colonia Dolores, Silva, La Camila, La Criolla, La Penca y Caraguat\u00e1, Marcelino Escalada, Nar\u00e9, Pedro G\u00f3mez Cello, Ramay\u00f3n, San Mart\u00edn Norte, Videla, Berna, Hardy, El Araz\u00e1, El Rab\u00f3n, Guadalupe Norte, Lanteri, Las Garzas, Los Laureles, San Antonio de Obligado, Tacuarend\u00ed, Villa Ana, Villa Guillermina, Alejandra, Colonia Dur\u00e1n, Ca\u00f1ada Omb\u00fa, Garabato, Intiyaco, La Gallareta, Los Amores, Margarita y Tartagal.<\/p>\n<p>Presentes<\/p>\n<p>De la actividad desarrollada este viernes por la ma\u00f1ana participaron el subsecretario de Desarrollo Territorial, Mariano Cejas; los directores provinciales de Desarrollo Territorial Zona Oeste, Pablo Doro, y de Desarrollo Territorial Zona Centro, Eduardo Peresutti; la diputada provincial Jimena Senn, y distintos representantes de municipios y comunas del centro norte provincial.<\/p>\n<p>Cabe indicar que el Programa Social Nutricional (Pro.So.Nut) brinda una ayuda financiera mensual los municipios, comunas, instituciones y entidades no gubernamentales, cuyo objetivo es mejorar y asegurar la sana alimentaci\u00f3n de los ni\u00f1os, teniendo como prioridad aquellos que se encuentren en situaci\u00f3n de riesgo de desnutrici\u00f3n.<\/p>\n","protected":false},"excerpt":{"rendered":"<p>En el marco del Programa Social Nutricional, se firmaron 90 convenios destinados a asegurar la sana alimentaci\u00f3n de ni\u00f1os entre 2 y 12 a\u00f1os de edad. \u201cEl Gobierno de la Provincia invierte m\u00e1s de $2.600 millones mensuales, esto implica que la decisi\u00f3n pol\u00edtica no solamente est\u00e1 en las palabras, sino tambi\u00e9n en los hechos\u201d, se\u00f1al\u00f3 [&hellip;]<\/p>\n","protected":false},"author":3,"featured_media":0,"comment_status":"closed","ping_status":"closed","sticky":false,"template":"","format":"standard","meta":{"_joinchat":[],"footnotes":""},"categories":[1],"tags":[],"class_list":{"0":"post-55662","1":"post","2":"type-post","3":"status-publish","4":"format-standard","6":"category-sin-categoria"},"_links":{"self":[{"href":"https:\/\/infovera.com.ar\/web\/wp-json\/wp\/v2\/posts\/55662","targetHints":{"allow":["GET"]}}],"collection":[{"href":"https:\/\/infovera.com.ar\/web\/wp-json\/wp\/v2\/posts"}],"about":[{"href":"https:\/\/infovera.com.ar\/web\/wp-json\/wp\/v2\/types\/post"}],"author":[{"embeddable":true,"href":"https:\/\/infovera.com.ar\/web\/wp-json\/wp\/v2\/users\/3"}],"replies":[{"embeddable":true,"href":"https:\/\/infovera.com.ar\/web\/wp-json\/wp\/v2\/comments?post=55662"}],"version-history":[{"count":0,"href":"https:\/\/infovera.com.ar\/web\/wp-json\/wp\/v2\/posts\/55662\/revisions"}],"wp:attachment":[{"href":"https:\/\/infovera.com.ar\/web\/wp-json\/wp\/v2\/media?parent=55662"}],"wp:term":[{"taxonomy":"category","embeddable":true,"href":"https:\/\/infovera.com.ar\/web\/wp-json\/wp\/v2\/categories?post=55662"},{"taxonomy":"post_tag","embeddable":true,"href":"https:\/\/infovera.com.ar\/web\/wp-json\/wp\/v2\/tags?post=55662"}],"curies":[{"name":"wp","href":"https:\/\/api.w.org\/{rel}","templated":true}]}}