{"id":55628,"date":"2024-10-04T11:01:41","date_gmt":"2024-10-04T14:01:41","guid":{"rendered":"https:\/\/infovera.com.ar\/web\/?p=55628"},"modified":"2024-10-06T18:45:15","modified_gmt":"2024-10-06T21:45:15","slug":"osvaldo-sosa-esta-morgue-viene-a-consolidar-la-camara-penal-en-vera","status":"publish","type":"post","link":"https:\/\/infovera.com.ar\/web\/2024\/10\/04\/osvaldo-sosa-esta-morgue-viene-a-consolidar-la-camara-penal-en-vera\/","title":{"rendered":"Osvaldo Sosa: &#8220;Esta morgue viene a consolidar la C\u00e1mara Penal en Vera&#8221;"},"content":{"rendered":"<p>Los asegur\u00f3 el senador en una rueda de prensa ofrecida junto al titular de la Corte, Rafael Guti\u00e9rrez.<\/p>\n<p><iframe loading=\"lazy\" title=\"Osvaldo Sosa: &quot;Esta morgue viene a consolidar la C\u00e1mara Penal en Vera&quot;\" width=\"696\" height=\"392\" src=\"https:\/\/www.youtube.com\/embed\/KCQjcnwR9BA?feature=oembed\" frameborder=\"0\" allow=\"accelerometer; autoplay; clipboard-write; encrypted-media; gyroscope; picture-in-picture; web-share\" referrerpolicy=\"strict-origin-when-cross-origin\" allowfullscreen><\/iframe><\/p>\n","protected":false},"excerpt":{"rendered":"<p>Los asegur\u00f3 el senador en una rueda de prensa ofrecida junto al titular de la Corte, Rafael Guti\u00e9rrez.<\/p>\n","protected":false},"author":3,"featured_media":55629,"comment_status":"closed","ping_status":"closed","sticky":false,"template":"","format":"standard","meta":{"_joinchat":[],"footnotes":""},"categories":[53],"tags":[],"class_list":{"0":"post-55628","1":"post","2":"type-post","3":"status-publish","4":"format-standard","5":"has-post-thumbnail","7":"category-vera"},"_links":{"self":[{"href":"https:\/\/infovera.com.ar\/web\/wp-json\/wp\/v2\/posts\/55628","targetHints":{"allow":["GET"]}}],"collection":[{"href":"https:\/\/infovera.com.ar\/web\/wp-json\/wp\/v2\/posts"}],"about":[{"href":"https:\/\/infovera.com.ar\/web\/wp-json\/wp\/v2\/types\/post"}],"author":[{"embeddable":true,"href":"https:\/\/infovera.com.ar\/web\/wp-json\/wp\/v2\/users\/3"}],"replies":[{"embeddable":true,"href":"https:\/\/infovera.com.ar\/web\/wp-json\/wp\/v2\/comments?post=55628"}],"version-history":[{"count":0,"href":"https:\/\/infovera.com.ar\/web\/wp-json\/wp\/v2\/posts\/55628\/revisions"}],"wp:featuredmedia":[{"embeddable":true,"href":"https:\/\/infovera.com.ar\/web\/wp-json\/wp\/v2\/media\/55629"}],"wp:attachment":[{"href":"https:\/\/infovera.com.ar\/web\/wp-json\/wp\/v2\/media?parent=55628"}],"wp:term":[{"taxonomy":"category","embeddable":true,"href":"https:\/\/infovera.com.ar\/web\/wp-json\/wp\/v2\/categories?post=55628"},{"taxonomy":"post_tag","embeddable":true,"href":"https:\/\/infovera.com.ar\/web\/wp-json\/wp\/v2\/tags?post=55628"}],"curies":[{"name":"wp","href":"https:\/\/api.w.org\/{rel}","templated":true}]}}