{"id":55622,"date":"2024-10-06T10:58:28","date_gmt":"2024-10-06T13:58:28","guid":{"rendered":"https:\/\/infovera.com.ar\/web\/?p=55622"},"modified":"2024-10-06T18:47:11","modified_gmt":"2024-10-06T21:47:11","slug":"industriales-nortenos-temen-que-haya-desabastecimiento-energetico-en-el-verano","status":"publish","type":"post","link":"https:\/\/infovera.com.ar\/web\/2024\/10\/06\/industriales-nortenos-temen-que-haya-desabastecimiento-energetico-en-el-verano\/","title":{"rendered":"Industriales norte\u00f1os temen que haya desabastecimiento energ\u00e9tico en el verano"},"content":{"rendered":"<p>En la argumentaci\u00f3n del reclamo dirigido a las autoridades provinciales, los industriales norte\u00f1os dejaron en claro que \u201clas preocupaciones de las industrias no son en vano&#8221;.<br \/>\nL\u00edderes empresarios temen que haya desabastecimiento energ\u00e9tico en la temporada estival. \u201cNo son temas menores y las soluciones de fondo no llegan\u201d, reclamaron.<\/p>\n<p>Capitanes de la industria del norte santafesino expresaron su preocupaci\u00f3n por el suministro de energ\u00eda el\u00e9ctrica para los meses que se avecinan, que estar\u00e1n bajo el influjo de la temporada estival pronosticada como severa en la regi\u00f3n.<\/p>\n<p>\u201cNo son temas menores y las soluciones de fondo no llegan\u201d, esgrimieron, para poner sobre la mesa la inquietud que los mantiene en vilo, y vaticinaron en modo condicional que \u201clas altas temperaturas y, por ende, el aumento de consumo pondr\u00edan nuevamente en jaque el esquema energ\u00e9tico del norte provincial\u201d.<\/p>\n<p>En la argumentaci\u00f3n del reclamo dirigido a las autoridades provinciales, los industriales norte\u00f1os dejaron en claro que \u201clas preocupaciones de las industrias no son en vano, porque mantener l\u00edneas de producci\u00f3n continua, maquinarias en funcionamiento, es vital ya que paradas implican altos costos no solo econ\u00f3micos sino funcionales\u201d.<\/p>\n<p>Con la llegada de la nueva temporada veraniega en ciernes -que este a\u00f1o registr\u00f3 r\u00e9cords de temperaturas del orden de 55 grados de sensaci\u00f3n t\u00e9rmica- y niveles de demanda de energ\u00eda hist\u00f3ricos, se\u00f1alaron que \u201cdesde hace algunos a\u00f1os se vienen solicitando las inversiones necesarias para paliar esta situaci\u00f3n, pero las respuestas no habr\u00edan llegado nuevamente en tiempo y forma\u201d.<\/p>\n<p>\u201cEs lo que hay\u201d<\/p>\n<p>En tren de ejemplificar lo descripto, citaron en caso emblem\u00e1tico -&#8220;por mencionar uno&#8221;- que ocurre en la localidad de Villa Guillermina donde funciona una importante f\u00e1brica de tableros y \u201clas actuales condiciones de tendido el\u00e9ctrico y estaci\u00f3n transformadora no llegan a conformar las necesidades de la empresa ni de su poblaci\u00f3n\u201d.<\/p>\n<p>Esto ya viene siendo planteado desde hace a\u00f1os por la empresa, puntualizaron, pero lamentaron que las respuestas oficiales &#8220;se centran en decir: \u2018Es lo que hay\u2026 sin considerar que est\u00e1 en juego no solo la permanencia de la empresa en esa localidad, sino el mantenimiento de las fuentes de trabajo de los m\u00e1s de 200 empleados que all\u00ed trabajan\u2019\u201d.<\/p>\n<p>En el final del documento que rubricaron, manifestaron: \u201cEsperemos que los d\u00edas que nos quedan para llegar a los picos de temperatura alcancen para implementar esquemas de urgencias y a fines del verano, este vaticinio haya estado equivocado\u201d.<\/p>\n<p>&nbsp;<\/p>\n","protected":false},"excerpt":{"rendered":"<p>En la argumentaci\u00f3n del reclamo dirigido a las autoridades provinciales, los industriales norte\u00f1os dejaron en claro que \u201clas preocupaciones de las industrias no son en vano&#8221;. L\u00edderes empresarios temen que haya desabastecimiento energ\u00e9tico en la temporada estival. \u201cNo son temas menores y las soluciones de fondo no llegan\u201d, reclamaron. Capitanes de la industria del norte [&hellip;]<\/p>\n","protected":false},"author":3,"featured_media":55623,"comment_status":"closed","ping_status":"closed","sticky":false,"template":"","format":"standard","meta":{"_joinchat":[],"footnotes":""},"categories":[61],"tags":[],"class_list":{"0":"post-55622","1":"post","2":"type-post","3":"status-publish","4":"format-standard","5":"has-post-thumbnail","7":"category-regionales"},"_links":{"self":[{"href":"https:\/\/infovera.com.ar\/web\/wp-json\/wp\/v2\/posts\/55622","targetHints":{"allow":["GET"]}}],"collection":[{"href":"https:\/\/infovera.com.ar\/web\/wp-json\/wp\/v2\/posts"}],"about":[{"href":"https:\/\/infovera.com.ar\/web\/wp-json\/wp\/v2\/types\/post"}],"author":[{"embeddable":true,"href":"https:\/\/infovera.com.ar\/web\/wp-json\/wp\/v2\/users\/3"}],"replies":[{"embeddable":true,"href":"https:\/\/infovera.com.ar\/web\/wp-json\/wp\/v2\/comments?post=55622"}],"version-history":[{"count":0,"href":"https:\/\/infovera.com.ar\/web\/wp-json\/wp\/v2\/posts\/55622\/revisions"}],"wp:featuredmedia":[{"embeddable":true,"href":"https:\/\/infovera.com.ar\/web\/wp-json\/wp\/v2\/media\/55623"}],"wp:attachment":[{"href":"https:\/\/infovera.com.ar\/web\/wp-json\/wp\/v2\/media?parent=55622"}],"wp:term":[{"taxonomy":"category","embeddable":true,"href":"https:\/\/infovera.com.ar\/web\/wp-json\/wp\/v2\/categories?post=55622"},{"taxonomy":"post_tag","embeddable":true,"href":"https:\/\/infovera.com.ar\/web\/wp-json\/wp\/v2\/tags?post=55622"}],"curies":[{"name":"wp","href":"https:\/\/api.w.org\/{rel}","templated":true}]}}