{"id":55621,"date":"2024-10-04T12:00:44","date_gmt":"2024-10-04T15:00:44","guid":{"rendered":"https:\/\/infovera.com.ar\/web\/?p=55621"},"modified":"2024-10-06T18:45:27","modified_gmt":"2024-10-06T21:45:27","slug":"rafael-gutierrez-presidio-la-inauguracion-de-la-morgue-judicial-de-vera","status":"publish","type":"post","link":"https:\/\/infovera.com.ar\/web\/2024\/10\/04\/rafael-gutierrez-presidio-la-inauguracion-de-la-morgue-judicial-de-vera\/","title":{"rendered":"Rafael Guti\u00e9rrez presidi\u00f3 la inauguraci\u00f3n de la Morgue Judicial de Vera"},"content":{"rendered":"<p>El presidente de la Corte Suprema de Santa Fe, Rafael Guti\u00e9rrez y el ministro Eduardo Spuler, junto autoridades judiciales y locales participaron de la inauguraci\u00f3n de las instalaciones de la Morgue Judicial de Vera.<\/p>\n<p>El acto cont\u00f3 con la presencia de los intendentes de Vera, Paula Mitre, de Calchaqu\u00ed, Rub\u00e9n Cuello y de Reconquista, Enrique Vallejos; el senador Osvaldo Sosa, los diputados Sergio Rojas, Dionisio Scarpin y Emiliano Peralta, magistrados y funcionarios de la 4ta. Circunscripci\u00f3n judicial, presidentes comunales e invitados especiales<\/p>\n<p>El presidente de la Corte, Dr. Rafael Gutierrez , \u00fanico orador, tuvo palabras de gratitud para la intendente Paula Mitre y el senador Osvaldo Sosa por la recepci\u00f3n, reiterando la emoci\u00f3n que le embarga cada vez que viene a Vera donde inici\u00f3 su carrera judicial, por lo que guarda muy buenos recuerdos de la comunidad de Vera.<\/p>\n<p>Acto seguido, resumi\u00f3 las obras concluidas y que est\u00e1n en marcha en distintos lugares de la provincia, lamentando que algunas, como la ampliaci\u00f3n de los Tribunales de Santa Fe se haya paralizado por ajuste presupuestario; no obstante rescat\u00f3 los avances en cuanto a tecnolog\u00eda que permiti\u00f3 digitalizar el sistema judicial.<\/p>\n<p>Resalt\u00f3 la importancia de esta inauguraci\u00f3n que contribuir\u00e1 a un mejor funcionamiento de la justicia en toda la regi\u00f3n y pas\u00f3 a detallar las caracter\u00edsticas sobresalientes de esta obra monumental, cuyas instalaciones fueron bendecidas por el p\u00e1rroco Carlos Degiusti, previo al tradicional corte de cintas.<\/p>\n<p>El nuevo edificio se emplaza en un sector del predio del Hospital Regional con una impronta contempor\u00e1nea para una funci\u00f3n muy espec\u00edfica, como es la medicina forense.<\/p>\n<p>En los detalles, la obra cuenta con una organizaci\u00f3n funcional materializada con un hall principal y recepci\u00f3n, oficinas administrativas, sala de reuni\u00f3n, sala de reconocimiento, sala de c\u00e1maras de refrigeraci\u00f3n, sala de rayos, vestuarios y sala de autopsia, as\u00ed como dep\u00f3sito de residuos patol\u00f3gicos.<\/p>\n<p>En cuanto a la sala de autopsia tiene un equipamiento de acondicionadores de aire especialmente dise\u00f1ado para tal fin generando la recirculaci\u00f3n del aire en el interior de la sala.<\/p>\n<p>Est\u00e1 dotada de un sistema de energ\u00eda el\u00e9ctrica ininterrumpida (grupo electr\u00f3geno), sistema aut\u00f3nomo de energ\u00eda solar y pretratamiento de l\u00edquidos, adem\u00e1s de contar con conexi\u00f3n al servicio de agua potable y cloacas.<\/p>\n<p>Tambi\u00e9n dispone de un sistema de alarma contra incendio, detecci\u00f3n de intrusos, sistema de video vigilancia y acondicionamiento t\u00e9rmico integral en todos sus ambientes.<\/p>\n<p>Esta obra tendr\u00e1 en un futuro inmediato, impacto directo en las causas que demandan pericias m\u00e9dico-forense elevando el potencial de las funciones de los profesionales que all\u00ed se desempe\u00f1en.<\/p>\n<p>Letyana Press<\/p>\n","protected":false},"excerpt":{"rendered":"<p>El presidente de la Corte Suprema de Santa Fe, Rafael Guti\u00e9rrez y el ministro Eduardo Spuler, junto autoridades judiciales y locales participaron de la inauguraci\u00f3n de las instalaciones de la Morgue Judicial de Vera. El acto cont\u00f3 con la presencia de los intendentes de Vera, Paula Mitre, de Calchaqu\u00ed, Rub\u00e9n Cuello y de Reconquista, Enrique [&hellip;]<\/p>\n","protected":false},"author":3,"featured_media":55625,"comment_status":"closed","ping_status":"closed","sticky":false,"template":"","format":"standard","meta":{"_joinchat":[],"footnotes":""},"categories":[53],"tags":[],"class_list":{"0":"post-55621","1":"post","2":"type-post","3":"status-publish","4":"format-standard","5":"has-post-thumbnail","7":"category-vera"},"_links":{"self":[{"href":"https:\/\/infovera.com.ar\/web\/wp-json\/wp\/v2\/posts\/55621","targetHints":{"allow":["GET"]}}],"collection":[{"href":"https:\/\/infovera.com.ar\/web\/wp-json\/wp\/v2\/posts"}],"about":[{"href":"https:\/\/infovera.com.ar\/web\/wp-json\/wp\/v2\/types\/post"}],"author":[{"embeddable":true,"href":"https:\/\/infovera.com.ar\/web\/wp-json\/wp\/v2\/users\/3"}],"replies":[{"embeddable":true,"href":"https:\/\/infovera.com.ar\/web\/wp-json\/wp\/v2\/comments?post=55621"}],"version-history":[{"count":0,"href":"https:\/\/infovera.com.ar\/web\/wp-json\/wp\/v2\/posts\/55621\/revisions"}],"wp:featuredmedia":[{"embeddable":true,"href":"https:\/\/infovera.com.ar\/web\/wp-json\/wp\/v2\/media\/55625"}],"wp:attachment":[{"href":"https:\/\/infovera.com.ar\/web\/wp-json\/wp\/v2\/media?parent=55621"}],"wp:term":[{"taxonomy":"category","embeddable":true,"href":"https:\/\/infovera.com.ar\/web\/wp-json\/wp\/v2\/categories?post=55621"},{"taxonomy":"post_tag","embeddable":true,"href":"https:\/\/infovera.com.ar\/web\/wp-json\/wp\/v2\/tags?post=55621"}],"curies":[{"name":"wp","href":"https:\/\/api.w.org\/{rel}","templated":true}]}}