{"id":55618,"date":"2024-10-06T10:52:02","date_gmt":"2024-10-06T13:52:02","guid":{"rendered":"https:\/\/infovera.com.ar\/web\/?p=55618"},"modified":"2024-10-06T10:52:02","modified_gmt":"2024-10-06T13:52:02","slug":"provincia-invierte-mas-de-12-500-millones-en-su-programa-caminos-productivos","status":"publish","type":"post","link":"https:\/\/infovera.com.ar\/web\/2024\/10\/06\/provincia-invierte-mas-de-12-500-millones-en-su-programa-caminos-productivos\/","title":{"rendered":"Provincia invierte m\u00e1s de $ 12.500 millones en su programa \u201cCaminos Productivos\u201d"},"content":{"rendered":"<p>Como cada 5 de octubre, se celebra el D\u00eda de Camino, con el objetivo de concientizar sobre el uso de las v\u00edas de circulaci\u00f3n. Con este motivo, el Gobierno de Santa Fe hizo un balance de su plan para mejorar las trazas vinculadas a la cadena productiva. El foco est\u00e1 puesto en asegurar la buen transitabilidad a lo largo de 292 kil\u00f3metros que conectan las zonas rurales con rutas, autopistas y ciudades<\/p>\n<p>Como cada 5 de octubre desde 1925, se celebra en nuestro pa\u00eds el D\u00eda del Camino y la Seguridad Vial, fecha que tiene como prop\u00f3sito la realizaci\u00f3n de jornadas de educaci\u00f3n vial para concientizar sobre el uso del espacio p\u00fablico, las v\u00edas de circulaci\u00f3n y el respeto por las normas de convivencia vial. En este contexto, el Gobierno de Santa Fe, a trav\u00e9s del Ministerio de Desarrollo Productivo, dio a conocer un balance del programa \u201cCaminos Productivos\u201d a 6 meses de su implementaci\u00f3n. \u201cCon un presupuesto total de m\u00e1s de 12.664.000.000 pesos destinados a 292 kil\u00f3metros, Caminos Productivos apunta a mejorar la transitabilidad de los caminos que conectan las zonas rurales con rutas, autopistas y ciudades para mejorar la competitividad de distintas actividades econ\u00f3micas\u201d, explic\u00f3 el titular de la cartera, Gustavo Puccini.<\/p>\n<p>El programa, que se present\u00f3 a fines de marzo en Colonia Dos Rosas y La Legua, busca mejorar la infraestructura de las trazas que comunican 47 localidades de 12 departamentos, beneficiando a todos sus habitantes en su cotidianidad: \u201cCon Caminos Productivos, unimos y mejoramos la calidad de vida de cada pueblo. Los n\u00fameros son elocuentes: 907 alumnos podr\u00e1n asistir a sus 26 escuelas en mejores condiciones de transitabilidad, 228 empleados llegar\u00e1n a sus puestos de trabajo, 571 productores producir\u00e1n mejor, con m\u00e1s certezas y confianza, 6101 colmenas, 37.474 cabezas de ganado y 129 tamberos que hoy producen 388 millones litros de leche van a generar mejores y mayores productos en un marco m\u00e1s ambicioso de acci\u00f3n. En s\u00edntesis, una inversi\u00f3n del gobierno provincial de 8.558.432.264 de pesos en una primera etapa y de m\u00e1s de 4.000 millones en una segunda etapa, redundar\u00e1 en mejor producci\u00f3n y tambi\u00e9n en una mejor calidad de vida que seguramente generar\u00e1 m\u00e1s inversi\u00f3n privada\u201d, enumer\u00f3 el secretario de Infraestructura Productiva, Federico Carballeira.<\/p>\n<p>Escucha y cercan\u00eda<\/p>\n<p>Puccini remarc\u00f3 el compromiso asumido en diciembre bajo la conducci\u00f3n del gobernador Maximiliano Pullaro: \u201cNuestra responsabilidad es continuar trabajando intensamente, dotando de infraestructura a las regiones que m\u00e1s lo necesitan para potenciar su producci\u00f3n. En eso trabajamos desde antes de asumir. La clave de nuestra gesti\u00f3n es la cercan\u00eda y el di\u00e1logo para potenciar miradas y construir en equipo. No hay mayor sabidur\u00eda y conocimiento pr\u00e1ctico de las necesidades, que aquellos que nos brindan quienes transitan d\u00eda a d\u00eda los mismos caminos para llegar a su escuela o a su trabajo. Ellos saben m\u00e1s que nadie las carencias y los desaf\u00edos que hay que cubrir. Escucharlos es nuestro insumo fundamental\u201d.<\/p>\n<p>Asimismo, el responsable del \u00e1rea de Desarrollo Productivo hizo hincapi\u00e9 en la obra que cambiar\u00e1 la vida del corredor bipartamental San Crist\u00f3bal &#8211; Castellanos: \u201cson 5 trazas, 62,26 km y un beneficio para m\u00e1s de 70 tambos de la regi\u00f3n, con una inversi\u00f3n provincial de $2.207.784.913,97. Cuando arrancamos el programa, definimos comenzar por la principal cuenca lechera del pa\u00eds, con el prop\u00f3sito de potenciarla y fortalecerla\u201d. Del total de 62,26 Km, las trazas son las siguientes:\u2022 Traza Colonia Bicha \u2013 8,12 km \/\/ \u2022 Traza Colonia Bossi \u2013 20,96 km \/\/ \u2022 Traza Tacurales \u2013 7,89 km \/\/ \u2022 Traza Eusebia \u2013 5,38 km \/\/ \u2022 Traza Dos Rosas y La Legua \u2013 19,91 km.<\/p>\n<p>Las zonas alcanzadas<\/p>\n<p>Las localidades que comprende el plan Caminos Productivos son Armstrong, Los Molinos, Colonia Bicha, Eusebia, Tacurales, Colonia Bossi, Colonia Dos Rosas, Lazzarino, Christophersen, Venado Tuerto, Labordeboy, Wheelwright, Villa Ca\u00f1as, Avellaneda, Guadalupe Norte, La Sarita, Villa Ocampo, Villa Eloisa, Recreo, Cululu, Grutly, Ceres, La Lucila, Coronda, Gessler, Colonia Angeloni, Colonia Esther &#8211; Emilia &#8211; Videla, Colonia Ana &#8211; Hersilia, Cafferata &#8211; La Chispa, Carreras, Susana, Colina Cello, Presidente Roca, Las Tunas , Sastre &#8211; Ortiz, San Martin De las Escobas, Totoras, Salto Grande, San Guillermo, Ambrosetti, y La Camila.<\/p>\n","protected":false},"excerpt":{"rendered":"<p>Como cada 5 de octubre, se celebra el D\u00eda de Camino, con el objetivo de concientizar sobre el uso de las v\u00edas de circulaci\u00f3n. Con este motivo, el Gobierno de Santa Fe hizo un balance de su plan para mejorar las trazas vinculadas a la cadena productiva. El foco est\u00e1 puesto en asegurar la buen [&hellip;]<\/p>\n","protected":false},"author":3,"featured_media":55619,"comment_status":"closed","ping_status":"closed","sticky":false,"template":"","format":"standard","meta":{"_joinchat":[],"footnotes":""},"categories":[60],"tags":[],"class_list":{"0":"post-55618","1":"post","2":"type-post","3":"status-publish","4":"format-standard","5":"has-post-thumbnail","7":"category-provinciales"},"_links":{"self":[{"href":"https:\/\/infovera.com.ar\/web\/wp-json\/wp\/v2\/posts\/55618","targetHints":{"allow":["GET"]}}],"collection":[{"href":"https:\/\/infovera.com.ar\/web\/wp-json\/wp\/v2\/posts"}],"about":[{"href":"https:\/\/infovera.com.ar\/web\/wp-json\/wp\/v2\/types\/post"}],"author":[{"embeddable":true,"href":"https:\/\/infovera.com.ar\/web\/wp-json\/wp\/v2\/users\/3"}],"replies":[{"embeddable":true,"href":"https:\/\/infovera.com.ar\/web\/wp-json\/wp\/v2\/comments?post=55618"}],"version-history":[{"count":0,"href":"https:\/\/infovera.com.ar\/web\/wp-json\/wp\/v2\/posts\/55618\/revisions"}],"wp:featuredmedia":[{"embeddable":true,"href":"https:\/\/infovera.com.ar\/web\/wp-json\/wp\/v2\/media\/55619"}],"wp:attachment":[{"href":"https:\/\/infovera.com.ar\/web\/wp-json\/wp\/v2\/media?parent=55618"}],"wp:term":[{"taxonomy":"category","embeddable":true,"href":"https:\/\/infovera.com.ar\/web\/wp-json\/wp\/v2\/categories?post=55618"},{"taxonomy":"post_tag","embeddable":true,"href":"https:\/\/infovera.com.ar\/web\/wp-json\/wp\/v2\/tags?post=55618"}],"curies":[{"name":"wp","href":"https:\/\/api.w.org\/{rel}","templated":true}]}}