{"id":55615,"date":"2024-10-06T10:50:31","date_gmt":"2024-10-06T13:50:31","guid":{"rendered":"https:\/\/infovera.com.ar\/web\/?p=55615"},"modified":"2024-10-06T18:46:23","modified_gmt":"2024-10-06T21:46:23","slug":"reunion-por-temas-de-salud-en-el-senado","status":"publish","type":"post","link":"https:\/\/infovera.com.ar\/web\/2024\/10\/06\/reunion-por-temas-de-salud-en-el-senado\/","title":{"rendered":"Reuni\u00f3n por temas de salud en el Senado"},"content":{"rendered":"<p>Participaron los senadores Dr. Osvaldo Sosa y Armando Tiaferri, los diputados Dr. Miguel El\u00edas Rabbia, Dra. Sonia Martorano, Dra. Ver\u00f3nica Baro Graf y Dra. Natalia Armas Belavi; miembros de la Comisi\u00f3n Directiva de los Colegios de M\u00e9dicos de la Provincia de Santa Fe y AMRA.<\/p>\n<p>Como primera medida las partes realizaron un diagn\u00f3stico inicial poni\u00e9ndose \u00e9nfasis en la problem\u00e1tica en la que se encuentra inmersa el sistema de salud, resaltando la cantidad de profesionales que emigran a otros pa\u00edses en b\u00fasqueda de mejores condiciones laborales.<br \/>\nPosteriormente el Dr. Rabia con el apoyo del Dr. Sosa presentaron un proyecto de ley el cual se centra en mejorar la calidad de la atenci\u00f3n m\u00e9dica, garantizando el acceso a la historia cl\u00ednica \u00fanica digital y mejorando las condiciones laborales de los profesionales.<br \/>\nDesde los Colegios Profesionales resaltaron la importancia de trabajar en un plan que incentive a los profesionales para garantizar la permanencia en el sistema, la capacitaci\u00f3n continua y que reconozca la ardua labor realizada.<br \/>\nDesde la conducci\u00f3n de AMRA celebraron este tipo de encuentros, expresando que mejorando la situaci\u00f3n de los profesionales de la salud estamos mejorando la calidad del sistema.<\/p>\n<p>Para cerrar el encuentro el Senador Sosa agradeci\u00f3 la presencia de todos e insto a seguir trabajando sin perder de vista las necesidades de las localidades del interior, Invitando al resto de los legisladores y legisladores a trabajar en la tem\u00e1tica.<\/p>\n<p>Las partes acordaron continuar trabajando en conjunto para enriquecer el proyecto, atendiendo las necesidades la poblaci\u00f3n, fortaleciendo el sistema de salud y garantizando el acompa\u00f1amiento a los profesionales.<\/p>\n","protected":false},"excerpt":{"rendered":"<p>Participaron los senadores Dr. Osvaldo Sosa y Armando Tiaferri, los diputados Dr. Miguel El\u00edas Rabbia, Dra. Sonia Martorano, Dra. Ver\u00f3nica Baro Graf y Dra. Natalia Armas Belavi; miembros de la Comisi\u00f3n Directiva de los Colegios de M\u00e9dicos de la Provincia de Santa Fe y AMRA. Como primera medida las partes realizaron un diagn\u00f3stico inicial poni\u00e9ndose [&hellip;]<\/p>\n","protected":false},"author":3,"featured_media":55616,"comment_status":"closed","ping_status":"closed","sticky":false,"template":"","format":"standard","meta":{"_joinchat":[],"footnotes":""},"categories":[60],"tags":[],"class_list":{"0":"post-55615","1":"post","2":"type-post","3":"status-publish","4":"format-standard","5":"has-post-thumbnail","7":"category-provinciales"},"_links":{"self":[{"href":"https:\/\/infovera.com.ar\/web\/wp-json\/wp\/v2\/posts\/55615","targetHints":{"allow":["GET"]}}],"collection":[{"href":"https:\/\/infovera.com.ar\/web\/wp-json\/wp\/v2\/posts"}],"about":[{"href":"https:\/\/infovera.com.ar\/web\/wp-json\/wp\/v2\/types\/post"}],"author":[{"embeddable":true,"href":"https:\/\/infovera.com.ar\/web\/wp-json\/wp\/v2\/users\/3"}],"replies":[{"embeddable":true,"href":"https:\/\/infovera.com.ar\/web\/wp-json\/wp\/v2\/comments?post=55615"}],"version-history":[{"count":0,"href":"https:\/\/infovera.com.ar\/web\/wp-json\/wp\/v2\/posts\/55615\/revisions"}],"wp:featuredmedia":[{"embeddable":true,"href":"https:\/\/infovera.com.ar\/web\/wp-json\/wp\/v2\/media\/55616"}],"wp:attachment":[{"href":"https:\/\/infovera.com.ar\/web\/wp-json\/wp\/v2\/media?parent=55615"}],"wp:term":[{"taxonomy":"category","embeddable":true,"href":"https:\/\/infovera.com.ar\/web\/wp-json\/wp\/v2\/categories?post=55615"},{"taxonomy":"post_tag","embeddable":true,"href":"https:\/\/infovera.com.ar\/web\/wp-json\/wp\/v2\/tags?post=55615"}],"curies":[{"name":"wp","href":"https:\/\/api.w.org\/{rel}","templated":true}]}}