{"id":55610,"date":"2024-10-02T03:21:28","date_gmt":"2024-10-02T06:21:28","guid":{"rendered":"https:\/\/infovera.com.ar\/web\/?p=55610"},"modified":"2024-10-06T18:42:48","modified_gmt":"2024-10-06T21:42:48","slug":"pelea-entre-vecinos-hurto-y-accidente-con-un-equino-muerto-2","status":"publish","type":"post","link":"https:\/\/infovera.com.ar\/web\/2024\/10\/02\/pelea-entre-vecinos-hurto-y-accidente-con-un-equino-muerto-2\/","title":{"rendered":"Pelea entre vecinos, hurto y accidente con un equino muerto"},"content":{"rendered":"<p>Novedades policiales del Dpto. Vera.<\/p>\n<p>Vera &#8211; \u201cAmenaza, lesiones Mutuas y da\u00f1os&#8221;.<\/p>\n<p>Numerarios del Comando Radioel\u00e9ctrico, en horas de la tarde del lunes, fueron comisionados por la operadora en turno a inmediaciones de calle Estanislao L\u00f3pez al 1000, lugar en el que un grupo de personas (mayores, menores, mujeres y hombres) por causas que se tratan de establecer, se agred\u00edan mutuamente.<\/p>\n<p>Los efectivos desarticularon la gresca, traslad\u00e1ndolos hacia sede policial fines realizar las denuncias correspondientes.<\/p>\n<p><strong>Fort\u00edn Olmos &#8211; Esclarecimiento de Hurto<\/strong><\/p>\n<p>En relaci\u00f3n a la denuncia formulada en fecha 29 de septiembre por un vecino domiciliado en Fort\u00edn Olmos, quien diera cuenta sobre la sustracci\u00f3n de diversos elementos de su propiedad, funcionarios policiales de la Comisar\u00eda 3era. establecieron que no serian ajenos al il\u00edcito dos j\u00f3venes, mayores de edad, domiciliados en ese localidad, a quienes se les secuestr\u00f3: una garrafa de 10 kilos, una plancha para la ropa, una plancha para cabello, una tostadora el\u00e9ctrica, un televisor LED 32 pulgadas y un ventilador.<\/p>\n<p>Todos los elementos fueron reconocidos por el damnificado como de su propiedad.<\/p>\n<p><strong>Vera &#8211; Accidente de tr\u00e1nsito<\/strong><\/p>\n<p>A las 23:25 del lunes un hombre a bordo de un Ford Transit\u00a0color blanco colision\u00f3 un caballo tostado en el kil\u00f3metro 2\/300 de la Ruta Nacional 98.<\/p>\n<p>El hombre de 41 a\u00f1os domiciliado en Vera adujo encontrarse ileso lo cual fue refrendado por un m\u00e9dico policial de turno.<\/p>\n<p>El equino, sin marca ni se\u00f1al, perdi\u00f3 al vida a causa del impacto.<\/p>\n<p>Agentes de la Comisar\u00eda 1era. llevaron a cabo diligencias estipuladas en el art. 163 CPP.<\/p>\n","protected":false},"excerpt":{"rendered":"<p>Novedades policiales del Dpto. Vera. Vera &#8211; \u201cAmenaza, lesiones Mutuas y da\u00f1os&#8221;. Numerarios del Comando Radioel\u00e9ctrico, en horas de la tarde del lunes, fueron comisionados por la operadora en turno a inmediaciones de calle Estanislao L\u00f3pez al 1000, lugar en el que un grupo de personas (mayores, menores, mujeres y hombres) por causas que se [&hellip;]<\/p>\n","protected":false},"author":3,"featured_media":18404,"comment_status":"closed","ping_status":"closed","sticky":false,"template":"","format":"standard","meta":{"_joinchat":[],"footnotes":""},"categories":[53],"tags":[],"class_list":{"0":"post-55610","1":"post","2":"type-post","3":"status-publish","4":"format-standard","5":"has-post-thumbnail","7":"category-vera"},"_links":{"self":[{"href":"https:\/\/infovera.com.ar\/web\/wp-json\/wp\/v2\/posts\/55610","targetHints":{"allow":["GET"]}}],"collection":[{"href":"https:\/\/infovera.com.ar\/web\/wp-json\/wp\/v2\/posts"}],"about":[{"href":"https:\/\/infovera.com.ar\/web\/wp-json\/wp\/v2\/types\/post"}],"author":[{"embeddable":true,"href":"https:\/\/infovera.com.ar\/web\/wp-json\/wp\/v2\/users\/3"}],"replies":[{"embeddable":true,"href":"https:\/\/infovera.com.ar\/web\/wp-json\/wp\/v2\/comments?post=55610"}],"version-history":[{"count":0,"href":"https:\/\/infovera.com.ar\/web\/wp-json\/wp\/v2\/posts\/55610\/revisions"}],"wp:featuredmedia":[{"embeddable":true,"href":"https:\/\/infovera.com.ar\/web\/wp-json\/wp\/v2\/media\/18404"}],"wp:attachment":[{"href":"https:\/\/infovera.com.ar\/web\/wp-json\/wp\/v2\/media?parent=55610"}],"wp:term":[{"taxonomy":"category","embeddable":true,"href":"https:\/\/infovera.com.ar\/web\/wp-json\/wp\/v2\/categories?post=55610"},{"taxonomy":"post_tag","embeddable":true,"href":"https:\/\/infovera.com.ar\/web\/wp-json\/wp\/v2\/tags?post=55610"}],"curies":[{"name":"wp","href":"https:\/\/api.w.org\/{rel}","templated":true}]}}