{"id":55585,"date":"2024-10-05T17:14:51","date_gmt":"2024-10-05T20:14:51","guid":{"rendered":"https:\/\/infovera.com.ar\/web\/?p=55585"},"modified":"2024-10-06T18:47:07","modified_gmt":"2024-10-06T21:47:07","slug":"arias-asumio-al-frente-de-la-unidad-regional-xix","status":"publish","type":"post","link":"https:\/\/infovera.com.ar\/web\/2024\/10\/05\/arias-asumio-al-frente-de-la-unidad-regional-xix\/","title":{"rendered":"Arias asumi\u00f3 al frente de la Unidad Regional XIX"},"content":{"rendered":"<p>El acto de asunci\u00f3n se desarroll\u00f3 en el hall de esta Jefatura Departamental presidido por el subsecretario de Seguridad Publica, Comandante General \u00ae Lic. Roque O. de Lima, la intendente Paula Carolina Mitre, el senador Osvaldo Sosa, el subjefe de Polic\u00eda de la Provincia Director Daniel Fernando Filchel; el designado jefe de URXIX Vera Director de Polic\u00eda Eduardo Javier Arias; e jefe saliente Director de Polic\u00eda Ariel Omar Monje, el Subjefe\u00a0 URXIX, Director de Polic\u00eda Dar\u00edo Javier Lacuadra; subsecretario de An\u00e1lisis Criminal, Abogado Rub\u00e9n Montenottte, subsecretario de Monitoreo de Programas Estrat\u00e9gicos, Juan Manuel Musuruana, el asesor t\u00e9cnico de la Secretaria Seguridad P\u00fablica Gabriel Segretin, integrantes de la Plana Mayor y Plana My. Especial Policial, jefe de las agrupaciones que integran la Unidad.<\/p>\n<p>En el acto se dio lectura a la Resoluci\u00f3n Ministerial Nro.2495 \/24,\u00a0 procediendo\u00a0 a la puesta efectiva en funciones por parte del subjefe provincialDaniel Fernando Fichel al jefe entrante Eduardo Javier Arias.<\/p>\n<p>Previamente, la ceremonia tuvo un minuto de silencio\u00a0 en memoria y honor al camarada recientemente fallecido Subinspector Andr\u00e9s Far\u00edas.<\/p>\n<p>En su despedida, el jefe saliente Ariel Omar Monje, en un \u00a0breve discurso de despedida agradeci\u00f3 la colaboraci\u00f3n en su gesti\u00f3n, tanto de autoridades pol\u00edticas, del personal de la Jefatura \u00a0y en especial a sus familiares que soportaron su ausencia.<\/p>\n<p>Letyana Press<\/p>\n","protected":false},"excerpt":{"rendered":"<p>El acto de asunci\u00f3n se desarroll\u00f3 en el hall de esta Jefatura Departamental presidido por el subsecretario de Seguridad Publica, Comandante General \u00ae Lic. Roque O. de Lima, la intendente Paula Carolina Mitre, el senador Osvaldo Sosa, el subjefe de Polic\u00eda de la Provincia Director Daniel Fernando Filchel; el designado jefe de URXIX Vera Director [&hellip;]<\/p>\n","protected":false},"author":3,"featured_media":55586,"comment_status":"closed","ping_status":"closed","sticky":false,"template":"","format":"standard","meta":{"_joinchat":[],"footnotes":""},"categories":[53],"tags":[],"class_list":{"0":"post-55585","1":"post","2":"type-post","3":"status-publish","4":"format-standard","5":"has-post-thumbnail","7":"category-vera"},"_links":{"self":[{"href":"https:\/\/infovera.com.ar\/web\/wp-json\/wp\/v2\/posts\/55585","targetHints":{"allow":["GET"]}}],"collection":[{"href":"https:\/\/infovera.com.ar\/web\/wp-json\/wp\/v2\/posts"}],"about":[{"href":"https:\/\/infovera.com.ar\/web\/wp-json\/wp\/v2\/types\/post"}],"author":[{"embeddable":true,"href":"https:\/\/infovera.com.ar\/web\/wp-json\/wp\/v2\/users\/3"}],"replies":[{"embeddable":true,"href":"https:\/\/infovera.com.ar\/web\/wp-json\/wp\/v2\/comments?post=55585"}],"version-history":[{"count":0,"href":"https:\/\/infovera.com.ar\/web\/wp-json\/wp\/v2\/posts\/55585\/revisions"}],"wp:featuredmedia":[{"embeddable":true,"href":"https:\/\/infovera.com.ar\/web\/wp-json\/wp\/v2\/media\/55586"}],"wp:attachment":[{"href":"https:\/\/infovera.com.ar\/web\/wp-json\/wp\/v2\/media?parent=55585"}],"wp:term":[{"taxonomy":"category","embeddable":true,"href":"https:\/\/infovera.com.ar\/web\/wp-json\/wp\/v2\/categories?post=55585"},{"taxonomy":"post_tag","embeddable":true,"href":"https:\/\/infovera.com.ar\/web\/wp-json\/wp\/v2\/tags?post=55585"}],"curies":[{"name":"wp","href":"https:\/\/api.w.org\/{rel}","templated":true}]}}