{"id":55394,"date":"2024-09-27T19:45:53","date_gmt":"2024-09-27T22:45:53","guid":{"rendered":"https:\/\/infovera.com.ar\/web\/?p=55394"},"modified":"2024-10-06T18:44:15","modified_gmt":"2024-10-06T21:44:15","slug":"puccini-a-la-epe-deben-ingresar-los-que-esten-mejor-preparados","status":"publish","type":"post","link":"https:\/\/infovera.com.ar\/web\/2024\/09\/27\/puccini-a-la-epe-deben-ingresar-los-que-esten-mejor-preparados\/","title":{"rendered":"Puccini: \u201cA la EPE deben ingresar los que est\u00e9n mejor preparados\u201d"},"content":{"rendered":"<p>As\u00ed lo indic\u00f3 el ministro de Desarrollo Productivo al referirse a los cambios que el Gobierno propone en la Empresa Provincial de la Energ\u00eda. \u201cHoy existe una bolsa de trabajo en la cu\u00e1l pr\u00e1cticamente el sindicato es quien acerca a la persona para que forme parte de la empresa. Eso debe ser ya modificado\u201d, se\u00f1al\u00f3 el funcionario.<\/p>\n<p>El ministro de Desarrollo Productivo, bajo cuya \u00f3rbita se encuentra la Empresa Provincial la Energ\u00eda (EPE), reiter\u00f3 este viernes la necesidad trabajar en la eficiencia de la compa\u00f1\u00eda y modificar aspectos fundamentales, como el sistema de ingresos a la firma. \u201cLo que estamos planteando es que a la EPE deben ingresar los que est\u00e9n mejor calificados, como ocurre en cualquier empresa privada\u201d, se\u00f1al\u00f3.<\/p>\n<p>Sobre la situaci\u00f3n actual de la empresa, Puccini dijo que \u201choy funciona como una bolsa de trabajo, donde pr\u00e1cticamente el sindicato es quien acerca a la persona para que forme parte de la empresa. Eso debe ser modificada\u201d, dijo el ministro, a que su vez sum\u00f3:<\/p>\n<p>\u201cTambi\u00e9n pedimos otras cuestiones m\u00e1s que tienen que ver, por ejemplo, con la capacitaci\u00f3n y la formaci\u00f3n laboral permanente del personal\u201d. \u201cHoy existe capacitaci\u00f3n, pero estamos pidiendo que sea m\u00e1s ambiciosa, m\u00e1s elevada, porque hoy la energ\u00eda es un tema central en Argentina, en Santa Fe. Sabemos los desaf\u00edos que tenemos como provincia: uno la recorre y ve en esta provincia inmensa el gran d\u00e9ficit energ\u00e9tico que padecemos, por lo cual hay que trabajar mucho, y por eso all\u00ed juega el ingreso un papel central\u201d.<\/p>\n<p>An\u00e1lisis en profundidad<\/p>\n<p>Puccini se\u00f1al\u00f3 que adem\u00e1s le pidi\u00f3 al directorio \u201cun diagn\u00f3stico del equipamiento y tambi\u00e9n hacer un an\u00e1lisis, quiz\u00e1s con alg\u00fan agente externo, como sucede tambi\u00e9n en otras empresas, de la estructura organizacional, para definir cu\u00e1l es el rumbo que la EPE va a tomar de aqu\u00ed a los pr\u00f3ximos 20 a\u00f1os, o cu\u00e1l es el personal que necesita la EPE en adelante\u201d.<\/p>\n<p>\u201cCuando llegamos al Gobierno -record\u00f3 el ministro-, dije que hab\u00eda que trabajar en procesos que mejoren a la empresa, que la hagan m\u00e1s eficiente. Por ejemplo, de 3.000 veh\u00edculos que la empresa tiene, no sab\u00edamos d\u00f3nde estaban desarrollando sus tareas. Cualquier empresa tiene GPS colocado en los veh\u00edculos y en eso ya avanzamos\u201d.<\/p>\n<p>Puccini reconoci\u00f3 a su vez que \u201cen la EPE hay gran esfuerzo de muchos de los trabajadores. Por supuesto que a lo mejor a alguno le puede molestar un poco cuando hablamos de control, de medir la productividad, la eficiencia, pero s\u00e9 que a muchos otros no, porque hacen realmente su tarea, porque son profesionales\u201d.<\/p>\n<p>El ministro tambi\u00e9n habl\u00f3 de lo que se ha adelantado en la instalaci\u00f3n de \u201ctelemedidores para los grandes usuarios, para saber de manera online qu\u00e9 consumo est\u00e1n teniendo esos grandes usuarios de la Provincia de Santa Fe, que totalizan al 55% de las facturaciones importantes. Cuando llegamos estaban colocados en gran parte de la provincia, pero no en Rosario, por ejemplo\u201d. \u201cTambi\u00e9n -a\u00f1adi\u00f3- mejoramos el sistema inform\u00e1tico de control de la gesti\u00f3n. La EPE lo ten\u00eda en parte, pero en el sistema comercial no. Entonces estamos yendo en ese camino con todas herramientas y medidas que implementamos, porque fue lo que nos pidi\u00f3 el gobernador Maximiliano Pullaro a cada uno de los ministros, para que tengamos un Estado m\u00e1s eficiente, m\u00e1s transparente, tambi\u00e9n m\u00e1s austero\u201d.<\/p>\n","protected":false},"excerpt":{"rendered":"<p>As\u00ed lo indic\u00f3 el ministro de Desarrollo Productivo al referirse a los cambios que el Gobierno propone en la Empresa Provincial de la Energ\u00eda. \u201cHoy existe una bolsa de trabajo en la cu\u00e1l pr\u00e1cticamente el sindicato es quien acerca a la persona para que forme parte de la empresa. Eso debe ser ya modificado\u201d, se\u00f1al\u00f3 [&hellip;]<\/p>\n","protected":false},"author":3,"featured_media":53407,"comment_status":"closed","ping_status":"closed","sticky":false,"template":"","format":"standard","meta":{"_joinchat":[],"footnotes":""},"categories":[60],"tags":[],"class_list":{"0":"post-55394","1":"post","2":"type-post","3":"status-publish","4":"format-standard","5":"has-post-thumbnail","7":"category-provinciales"},"_links":{"self":[{"href":"https:\/\/infovera.com.ar\/web\/wp-json\/wp\/v2\/posts\/55394","targetHints":{"allow":["GET"]}}],"collection":[{"href":"https:\/\/infovera.com.ar\/web\/wp-json\/wp\/v2\/posts"}],"about":[{"href":"https:\/\/infovera.com.ar\/web\/wp-json\/wp\/v2\/types\/post"}],"author":[{"embeddable":true,"href":"https:\/\/infovera.com.ar\/web\/wp-json\/wp\/v2\/users\/3"}],"replies":[{"embeddable":true,"href":"https:\/\/infovera.com.ar\/web\/wp-json\/wp\/v2\/comments?post=55394"}],"version-history":[{"count":0,"href":"https:\/\/infovera.com.ar\/web\/wp-json\/wp\/v2\/posts\/55394\/revisions"}],"wp:featuredmedia":[{"embeddable":true,"href":"https:\/\/infovera.com.ar\/web\/wp-json\/wp\/v2\/media\/53407"}],"wp:attachment":[{"href":"https:\/\/infovera.com.ar\/web\/wp-json\/wp\/v2\/media?parent=55394"}],"wp:term":[{"taxonomy":"category","embeddable":true,"href":"https:\/\/infovera.com.ar\/web\/wp-json\/wp\/v2\/categories?post=55394"},{"taxonomy":"post_tag","embeddable":true,"href":"https:\/\/infovera.com.ar\/web\/wp-json\/wp\/v2\/tags?post=55394"}],"curies":[{"name":"wp","href":"https:\/\/api.w.org\/{rel}","templated":true}]}}