{"id":55371,"date":"2024-09-27T10:49:12","date_gmt":"2024-09-27T13:49:12","guid":{"rendered":"https:\/\/infovera.com.ar\/web\/?p=55371"},"modified":"2024-09-27T14:06:57","modified_gmt":"2024-09-27T17:06:57","slug":"cronograma-de-pago-de-haberes-de-septiembre-a-estatales-provinciales","status":"publish","type":"post","link":"https:\/\/infovera.com.ar\/web\/2024\/09\/27\/cronograma-de-pago-de-haberes-de-septiembre-a-estatales-provinciales\/","title":{"rendered":"Cronograma de pago de haberes de septiembre a estatales provinciales"},"content":{"rendered":"<p>El Ministerio de Econom\u00eda informa que los trabajadores de la Provincia lo percibir\u00e1n a partir del martes 1 de octubre hasta el lunes 7.<\/p>\n<p>El Gobierno provincial, a trav\u00e9s del Ministerio de Econom\u00eda, inform\u00f3 la liquidaci\u00f3n de haberes de septiembre a estatales provinciales, que incluye el incremento acordado en paritarias del 2,45 % para este mes.<\/p>\n<p>*Martes 1\u00b0 de octubre*<br \/>\n* Pasivos a los que les corresponde percibir un monto de bolsillo de hasta $ 792.000.<br \/>\n* Escalaf\u00f3n Policial.<\/p>\n<p>*Mi\u00e9rcoles 2 de octubre*<br \/>\n* Activos a los que les corresponde percibir un monto de bolsillo de hasta $ 753.000.<br \/>\n* Docentes de Escuelas Privadas Transferidas 1\u00b0 y 2\u00b0 Convenio.<\/p>\n<p>*Jueves 3 de octubre*<br \/>\n* Resto de Activos a los que les corresponde percibir un monto de bolsillo superior a $753.000<br \/>\n* Docentes de Escuelas Privadas Hist\u00f3ricas<\/p>\n<p>*Viernes 4 de octubre*<br \/>\n* Resto de Pasivos a los que les corresponde percibir un monto de bolsillo superior a los $792.000.<\/p>\n<p>*Lunes 7 de octubre*<br \/>\n* Autoridades Superiores del Poder Judicial, Poder Legislativo y Poder Ejecutivo.<\/p>\n","protected":false},"excerpt":{"rendered":"<p>El Ministerio de Econom\u00eda informa que los trabajadores de la Provincia lo percibir\u00e1n a partir del martes 1 de octubre hasta el lunes 7. El Gobierno provincial, a trav\u00e9s del Ministerio de Econom\u00eda, inform\u00f3 la liquidaci\u00f3n de haberes de septiembre a estatales provinciales, que incluye el incremento acordado en paritarias del 2,45 % para este [&hellip;]<\/p>\n","protected":false},"author":3,"featured_media":55372,"comment_status":"closed","ping_status":"closed","sticky":false,"template":"","format":"standard","meta":{"_joinchat":[],"footnotes":""},"categories":[60],"tags":[],"class_list":{"0":"post-55371","1":"post","2":"type-post","3":"status-publish","4":"format-standard","5":"has-post-thumbnail","7":"category-provinciales"},"_links":{"self":[{"href":"https:\/\/infovera.com.ar\/web\/wp-json\/wp\/v2\/posts\/55371","targetHints":{"allow":["GET"]}}],"collection":[{"href":"https:\/\/infovera.com.ar\/web\/wp-json\/wp\/v2\/posts"}],"about":[{"href":"https:\/\/infovera.com.ar\/web\/wp-json\/wp\/v2\/types\/post"}],"author":[{"embeddable":true,"href":"https:\/\/infovera.com.ar\/web\/wp-json\/wp\/v2\/users\/3"}],"replies":[{"embeddable":true,"href":"https:\/\/infovera.com.ar\/web\/wp-json\/wp\/v2\/comments?post=55371"}],"version-history":[{"count":0,"href":"https:\/\/infovera.com.ar\/web\/wp-json\/wp\/v2\/posts\/55371\/revisions"}],"wp:featuredmedia":[{"embeddable":true,"href":"https:\/\/infovera.com.ar\/web\/wp-json\/wp\/v2\/media\/55372"}],"wp:attachment":[{"href":"https:\/\/infovera.com.ar\/web\/wp-json\/wp\/v2\/media?parent=55371"}],"wp:term":[{"taxonomy":"category","embeddable":true,"href":"https:\/\/infovera.com.ar\/web\/wp-json\/wp\/v2\/categories?post=55371"},{"taxonomy":"post_tag","embeddable":true,"href":"https:\/\/infovera.com.ar\/web\/wp-json\/wp\/v2\/tags?post=55371"}],"curies":[{"name":"wp","href":"https:\/\/api.w.org\/{rel}","templated":true}]}}