{"id":55349,"date":"2024-09-26T17:05:38","date_gmt":"2024-09-26T20:05:38","guid":{"rendered":"https:\/\/infovera.com.ar\/web\/?p=55349"},"modified":"2024-10-06T20:13:55","modified_gmt":"2024-10-06T23:13:55","slug":"educacion-ultimos-dias-para-la-inscripcion-al-plan-fines-termina-tu-secundaria","status":"publish","type":"post","link":"https:\/\/infovera.com.ar\/web\/2024\/09\/26\/educacion-ultimos-dias-para-la-inscripcion-al-plan-fines-termina-tu-secundaria\/","title":{"rendered":"Educaci\u00f3n: \u00faltimos d\u00edas para la inscripci\u00f3n al \u201cPlan Fines, termin\u00e1 tu secundaria\u201d"},"content":{"rendered":"<p>El objetivo es que los alumnos que hayan terminado de cursar el \u00faltimo a\u00f1o del nivel y cuenten con espacios pendientes, puedan finalizarlo. Las inscripciones se realizan en las escuelas sedes, distribuidas en toda la provincia.<\/p>\n<p>El Ministerio de Educaci\u00f3n contin\u00faa hasta el 30 de septiembre con las inscripciones al _Plan Fines, termina tu secundaria_, que tiene por objetivo que los alumnos que hayan terminado de cursar el \u00faltimo a\u00f1o del nivel y cuenten con espacios pendientes, puedan finalizarlo.<\/p>\n<p>La iniciativa est\u00e1 destinada a j\u00f3venes y adultos mayores de 18 a\u00f1os (cumplidos al 30 de junio) que han finalizado el cursado de su educaci\u00f3n secundaria en E.E.S.O o E.E.M.P.A. en el a\u00f1o 2023 y anteriores.<\/p>\n<p>Sobre el tema, la secretaria de Educaci\u00f3n, Carolina Piedrabuena explic\u00f3 que \u201chay alumnos que si bien terminaron de cursar la secundaria ya sea en una escuela secundaria orientada o en una escuela de educaci\u00f3n para adultos adeudan materias\u201d, y agreg\u00f3 que \u201ca trav\u00e9s de este plan se convoca a los estudiantes a que se anoten para que terminen su secundaria y puedan obtener el certificado de estudios completos que le va a permitir el acceso al nivel superior y ser una herramienta para el mundo laboral\u201d.<\/p>\n<p>Cabe destacar que el per\u00edodo de clases tutoriales se extender\u00e1 del 1 de octubre al 30 de noviembre del 2024, con modalidad de cursado presencial.<\/p>\n<p>Los interesados pueden inscribirse en algunas de las 60 escuelas sedes del programa, que se encuentran en el siguiente listado:<\/p>\n<p>Listado de Escuelas sedes Secundaria, Plan Fines 2024:<br \/>\nhttps:\/\/educacion.santafe.gob.ar\/wp-content\/uploads\/sites\/2\/2024\/09\/Listado-de-Escuelas-sedes-Fines-Secundaria-2024.pdf<\/p>\n<p>Listado de Escuelas sedes EEMPAS, Plan Fines 2024<br \/>\nhttps:\/\/educacion.santafe.gob.ar\/wp-content\/uploads\/sites\/2\/2024\/09\/Listado-de-Escuelas-sedes-EEMPAS-Fines-Secundaria-2024-v01.pdf<\/p>\n<p>Se debe presentar Constancia de Trayectoria Escolar emitida por la escuela de origen, donde conste el Plan de Estudios y las asignaturas adeudadas; y DNI para acreditar identidad.<\/p>\n<p>Las consultas pueden realizarse al correo electr\u00f3nico planfines@santafe.gov.ar<\/p>\n<p>M\u00e1s informaci\u00f3n en https:\/\/educacion.santafe.gob.ar\/programas\/plan-fines\/.<\/p>\n","protected":false},"excerpt":{"rendered":"<p>El objetivo es que los alumnos que hayan terminado de cursar el \u00faltimo a\u00f1o del nivel y cuenten con espacios pendientes, puedan finalizarlo. Las inscripciones se realizan en las escuelas sedes, distribuidas en toda la provincia. El Ministerio de Educaci\u00f3n contin\u00faa hasta el 30 de septiembre con las inscripciones al _Plan Fines, termina tu secundaria_, [&hellip;]<\/p>\n","protected":false},"author":3,"featured_media":55350,"comment_status":"closed","ping_status":"closed","sticky":false,"template":"","format":"standard","meta":{"_joinchat":[],"footnotes":""},"categories":[60],"tags":[],"class_list":{"0":"post-55349","1":"post","2":"type-post","3":"status-publish","4":"format-standard","5":"has-post-thumbnail","7":"category-provinciales"},"_links":{"self":[{"href":"https:\/\/infovera.com.ar\/web\/wp-json\/wp\/v2\/posts\/55349","targetHints":{"allow":["GET"]}}],"collection":[{"href":"https:\/\/infovera.com.ar\/web\/wp-json\/wp\/v2\/posts"}],"about":[{"href":"https:\/\/infovera.com.ar\/web\/wp-json\/wp\/v2\/types\/post"}],"author":[{"embeddable":true,"href":"https:\/\/infovera.com.ar\/web\/wp-json\/wp\/v2\/users\/3"}],"replies":[{"embeddable":true,"href":"https:\/\/infovera.com.ar\/web\/wp-json\/wp\/v2\/comments?post=55349"}],"version-history":[{"count":0,"href":"https:\/\/infovera.com.ar\/web\/wp-json\/wp\/v2\/posts\/55349\/revisions"}],"wp:featuredmedia":[{"embeddable":true,"href":"https:\/\/infovera.com.ar\/web\/wp-json\/wp\/v2\/media\/55350"}],"wp:attachment":[{"href":"https:\/\/infovera.com.ar\/web\/wp-json\/wp\/v2\/media?parent=55349"}],"wp:term":[{"taxonomy":"category","embeddable":true,"href":"https:\/\/infovera.com.ar\/web\/wp-json\/wp\/v2\/categories?post=55349"},{"taxonomy":"post_tag","embeddable":true,"href":"https:\/\/infovera.com.ar\/web\/wp-json\/wp\/v2\/tags?post=55349"}],"curies":[{"name":"wp","href":"https:\/\/api.w.org\/{rel}","templated":true}]}}