{"id":55329,"date":"2024-09-25T18:20:19","date_gmt":"2024-09-25T21:20:19","guid":{"rendered":"https:\/\/infovera.com.ar\/web\/?p=55329"},"modified":"2024-10-06T18:43:48","modified_gmt":"2024-10-06T21:43:48","slug":"prision-preventiva-para-un-hombre-imputado-por-abusar-de-9-ninas-en-tostado","status":"publish","type":"post","link":"https:\/\/infovera.com.ar\/web\/2024\/09\/25\/prision-preventiva-para-un-hombre-imputado-por-abusar-de-9-ninas-en-tostado\/","title":{"rendered":"Prisi\u00f3n preventiva para un hombre imputado por abusar de 9 ni\u00f1as en Tostado"},"content":{"rendered":"<p>Ordenaron la prisi\u00f3n preventiva de un hombre investigado como autor de abusos sexuales cometidos en perjuicio de nueve mujeres de su entorno familiar cuando ellas eran ni\u00f1as en Tostado.<\/p>\n<p>As\u00ed fue dispuesto por el juez Juan Gabriel Peralta a partir de lo solicitado por la fiscal Shirli Tomasso, en una audiencia que se desarroll\u00f3 hoy en los tribunales de San Crist\u00f3bal. El magistrado adem\u00e1s rechaz\u00f3 un pedido de prescripci\u00f3n de la acci\u00f3n penal realizado por el abogado defensor del imputado. El investigado tiene 65 a\u00f1os y tambi\u00e9n se le endilg\u00f3 la tenencia de material de abuso sexual infantil.<\/p>\n<p>Qued\u00f3 en prisi\u00f3n preventiva un hombre de 65 a\u00f1os, cuyas iniciales son CSB, que es investigado como autor de abusos sexuales cometidos en perjuicio de nueve mujeres de su entorno familiar que eran menores de edad al momento de los hechos. Los il\u00edcitos tuvieron lugar en Tostado (departamento Nueve de Julio).<\/p>\n<p>La\u00a0fiscal Shirli Tomasso\u00a0solicit\u00f3 la medida cautelar\u00a0en una audiencia\u00a0que se\u00a0desarroll\u00f3 hoy\u00a0en los tribunales de\u00a0San Crist\u00f3bal,\u00a0ante\u00a0el juez\u00a0de la Investigaci\u00f3n Penal Preparatoria (IPP),\u00a0Juan Gabriel Peralta.<\/p>\n<p>Fundamentos<\/p>\n<p>Tomasso\u00a0se\u00f1al\u00f3\u00a0que &#8220;en la audiencia presentamos los elementos probatorios\u00a0que sustentan\u00a0la atribuci\u00f3n delictiva que realizamos y el magistrado consider\u00f3 acreditadas tanto la materialidad de los hechos como la posible autor\u00eda, con el grado de probabilidad que demanda esta\u00a0etapa del proceso\u00a0penal&#8221;.<\/p>\n<p>Explic\u00f3 que &#8220;la mayor\u00eda de los\u00a0hechos delictivos\u00a0que le endilgamos al imputado son abusos sexuales cometidos\u00a0en un lapso de 21 a\u00f1os\u00a0contra diferentes familiares&#8221;.\u00a0Al respecto, indic\u00f3 que\u00a0&#8220;en todos los casos, las v\u00edctimas fueron obligadas a realizar pr\u00e1cticas sexuales durante su infancia&#8221;, y aclar\u00f3 que &#8220;actualmente, todas son mayores de edad&#8221;.<\/p>\n<p>En tanto, la fiscal valor\u00f3 que\u00a0&#8220;aunque\u00a0el defensor\u00a0omiti\u00f3\u00a0analizar\u00a0las evidencias de los il\u00edcitos y pidi\u00f3 que se declarara la prescripci\u00f3n de la acci\u00f3n penal en relaci\u00f3n a los abusos, el magistrado rechaz\u00f3 su requerimiento&#8221;.<\/p>\n<p>Tomasso inform\u00f3 que\u00a0&#8220;desde el MPA,\u00a0hicimos referencia a\u00a0sentencias\u00a0de la Corte Interamericana\u00a0de Derechos Humanos (CIDH) y\u00a0de la Corte\u00a0Suprema de Justicia\u00a0de la Naci\u00f3n, as\u00ed como\u00a0a\u00a0precedentes\u00a0de las circunscripciones\u00a0judiciales\u00a0n\u00fameros 1 y 2 de la provincia\u00a0en los que se resolvi\u00f3 lo contrario\u00a0a lo solicitado por\u00a0el abogado\u00a0del imputado&#8221;.<\/p>\n<p>Por otro lado, puntualiz\u00f3 que &#8220;para disponer la privaci\u00f3n de la libertad del hombre investigado, el juez contempl\u00f3 que la pena en expectativa es a prisi\u00f3n efectiva y que los riesgos procesales estaban\u00a0latentes&#8221;. En tal sentido, precis\u00f3 que &#8220;la preventiva era necesaria para resguardar a las v\u00edctimas, quienes est\u00e1n en una situaci\u00f3n de especial vulnerabilidad&#8221;.<\/p>\n<p>Abusos sexuales<\/p>\n<p>La fiscal precis\u00f3 que &#8220;el imputado atent\u00f3 contra la integridad sexual de nueve integrantes de su familia entre 1989 y 2010&#8221;, y asever\u00f3 que &#8220;los il\u00edcitos fueron en una casa en la que \u00e9l resid\u00eda, en otras dos viviendas y en las instalaciones de una industria en la que \u00e9l trabajaba&#8221;.<\/p>\n<p>&#8220;Por el contexto y las caracter\u00edsticas de los abusos, lo sucedido tuvo entidad suficiente para alterar el libre y progresivo desarrollo sexual de las nueve personas a las que el hombre de 65 a\u00f1os vulner\u00f3&#8221;, subray\u00f3.<\/p>\n<p>Videos y fotograf\u00edas<\/p>\n<p>Tomasso\u00a0afirm\u00f3\u00a0que &#8220;el imputado tambi\u00e9n es investigado por la tenencia de material de abuso sexual infantil&#8221;.\u00a0Explicit\u00f3\u00a0que &#8220;a ra\u00edz de\u00a0un allanamiento realizado en su domicilio, se encontr\u00f3 una computadora de escritorio que conten\u00eda 12 videos y 24 fotograf\u00edas con connotaci\u00f3n sexual en los que aparecen ni\u00f1as, ni\u00f1os y adolescentes&#8221;.<\/p>\n<p>&#8220;De acuerdo con las evidencias recabadas hasta el momento, el investigado tuvo en su poder los archivos ilegales desde octubre de 2011 hasta mediados de este a\u00f1o&#8221;, plante\u00f3 la fiscal.<\/p>\n<p>Calificaciones\u00a0penales<\/p>\n<p>Por los hechos cometidos en perjuicio de las ni\u00f1as de su entorno familiar, al imputado se le endilg\u00f3 la autor\u00eda de\u00a0abuso sexual\u00a0con acceso carnal agravado (por la convivencia y por la guarda); abuso sexual con acceso carnal agravado (por la guarda); abuso sexual\u00a0gravemente ultrajante agravado (por\u00a0la guarda); y abuso sexual simple agravado (por la guarda).<\/p>\n<p>A su vez,\u00a0se lo investiga como autor de\u00a0promoci\u00f3n a la corrupci\u00f3n de menores agravada\u00a0(por la guarda\u00a0en los nueve casos\u00a0y, en tres de ellos, adem\u00e1s\u00a0por haberse aprovechado de la situaci\u00f3n de convivencia preexistente con v\u00edctimas\u00a0menores de edad).<\/p>\n<p>Por otro lado, se le atribuy\u00f3 la tenencia de fotos y videos con representaciones de personas menores de 13 a\u00f1os dedicados a actividades sexuales expl\u00edcitas e im\u00e1genes de sus partes genitales.<\/p>\n","protected":false},"excerpt":{"rendered":"<p>Ordenaron la prisi\u00f3n preventiva de un hombre investigado como autor de abusos sexuales cometidos en perjuicio de nueve mujeres de su entorno familiar cuando ellas eran ni\u00f1as en Tostado. As\u00ed fue dispuesto por el juez Juan Gabriel Peralta a partir de lo solicitado por la fiscal Shirli Tomasso, en una audiencia que se desarroll\u00f3 hoy [&hellip;]<\/p>\n","protected":false},"author":3,"featured_media":20265,"comment_status":"closed","ping_status":"closed","sticky":false,"template":"","format":"standard","meta":{"_joinchat":[],"footnotes":""},"categories":[51,30],"tags":[],"class_list":{"0":"post-55329","1":"post","2":"type-post","3":"status-publish","4":"format-standard","5":"has-post-thumbnail","7":"category-locales","8":"category-policiales"},"_links":{"self":[{"href":"https:\/\/infovera.com.ar\/web\/wp-json\/wp\/v2\/posts\/55329","targetHints":{"allow":["GET"]}}],"collection":[{"href":"https:\/\/infovera.com.ar\/web\/wp-json\/wp\/v2\/posts"}],"about":[{"href":"https:\/\/infovera.com.ar\/web\/wp-json\/wp\/v2\/types\/post"}],"author":[{"embeddable":true,"href":"https:\/\/infovera.com.ar\/web\/wp-json\/wp\/v2\/users\/3"}],"replies":[{"embeddable":true,"href":"https:\/\/infovera.com.ar\/web\/wp-json\/wp\/v2\/comments?post=55329"}],"version-history":[{"count":0,"href":"https:\/\/infovera.com.ar\/web\/wp-json\/wp\/v2\/posts\/55329\/revisions"}],"wp:featuredmedia":[{"embeddable":true,"href":"https:\/\/infovera.com.ar\/web\/wp-json\/wp\/v2\/media\/20265"}],"wp:attachment":[{"href":"https:\/\/infovera.com.ar\/web\/wp-json\/wp\/v2\/media?parent=55329"}],"wp:term":[{"taxonomy":"category","embeddable":true,"href":"https:\/\/infovera.com.ar\/web\/wp-json\/wp\/v2\/categories?post=55329"},{"taxonomy":"post_tag","embeddable":true,"href":"https:\/\/infovera.com.ar\/web\/wp-json\/wp\/v2\/tags?post=55329"}],"curies":[{"name":"wp","href":"https:\/\/api.w.org\/{rel}","templated":true}]}}