{"id":55292,"date":"2024-09-23T21:29:24","date_gmt":"2024-09-24T00:29:24","guid":{"rendered":"https:\/\/infovera.com.ar\/web\/?p=55292"},"modified":"2024-09-24T12:19:23","modified_gmt":"2024-09-24T15:19:23","slug":"osvaldo-sosa-acompano-a-los-peregrinos-de-la-virgen-de-itati","status":"publish","type":"post","link":"https:\/\/infovera.com.ar\/web\/2024\/09\/23\/osvaldo-sosa-acompano-a-los-peregrinos-de-la-virgen-de-itati\/","title":{"rendered":"Osvaldo Sosa acompa\u00f1\u00f3 a los peregrinos de la Virgen de Itat\u00ed"},"content":{"rendered":"<p>Como todos los a\u00f1os, acompa\u00f1amos a la delegaci\u00f3n de peregrinos que le rindieron homenaje y cumplieron cada una de sus promesas a la Virgen de Itat\u00ed. En una jornada con muchas dificultades pero llena de fe, nos convertimos en apoyo, acercando caf\u00e9, agua caliente y fr\u00eda, adem\u00e1s de frutas&#8221;, expres\u00f3 el senador.<\/p>\n<p>Llegado el momento de la misa, &#8220;nos invadi\u00f3 la emoci\u00f3n y el clima de fe, al ver tantos j\u00f3venes con esperanzas y creyentes. Tambi\u00e9n quiero agradecer a los integrantes de mi equipo quienes hab\u00edan asistido por cuestiones personales pero decidieron de igual manera prestar colaboraci\u00f3n&#8221;, se mostr\u00f3 agradecido.<\/p>\n","protected":false},"excerpt":{"rendered":"<p>Como todos los a\u00f1os, acompa\u00f1amos a la delegaci\u00f3n de peregrinos que le rindieron homenaje y cumplieron cada una de sus promesas a la Virgen de Itat\u00ed. En una jornada con muchas dificultades pero llena de fe, nos convertimos en apoyo, acercando caf\u00e9, agua caliente y fr\u00eda, adem\u00e1s de frutas&#8221;, expres\u00f3 el senador. Llegado el momento [&hellip;]<\/p>\n","protected":false},"author":3,"featured_media":55293,"comment_status":"closed","ping_status":"closed","sticky":false,"template":"","format":"standard","meta":{"_joinchat":[],"footnotes":""},"categories":[36,53],"tags":[],"class_list":{"0":"post-55292","1":"post","2":"type-post","3":"status-publish","4":"format-standard","5":"has-post-thumbnail","7":"category-sociedad","8":"category-vera"},"_links":{"self":[{"href":"https:\/\/infovera.com.ar\/web\/wp-json\/wp\/v2\/posts\/55292","targetHints":{"allow":["GET"]}}],"collection":[{"href":"https:\/\/infovera.com.ar\/web\/wp-json\/wp\/v2\/posts"}],"about":[{"href":"https:\/\/infovera.com.ar\/web\/wp-json\/wp\/v2\/types\/post"}],"author":[{"embeddable":true,"href":"https:\/\/infovera.com.ar\/web\/wp-json\/wp\/v2\/users\/3"}],"replies":[{"embeddable":true,"href":"https:\/\/infovera.com.ar\/web\/wp-json\/wp\/v2\/comments?post=55292"}],"version-history":[{"count":0,"href":"https:\/\/infovera.com.ar\/web\/wp-json\/wp\/v2\/posts\/55292\/revisions"}],"wp:featuredmedia":[{"embeddable":true,"href":"https:\/\/infovera.com.ar\/web\/wp-json\/wp\/v2\/media\/55293"}],"wp:attachment":[{"href":"https:\/\/infovera.com.ar\/web\/wp-json\/wp\/v2\/media?parent=55292"}],"wp:term":[{"taxonomy":"category","embeddable":true,"href":"https:\/\/infovera.com.ar\/web\/wp-json\/wp\/v2\/categories?post=55292"},{"taxonomy":"post_tag","embeddable":true,"href":"https:\/\/infovera.com.ar\/web\/wp-json\/wp\/v2\/tags?post=55292"}],"curies":[{"name":"wp","href":"https:\/\/api.w.org\/{rel}","templated":true}]}}