{"id":55196,"date":"2024-09-20T09:12:41","date_gmt":"2024-09-20T12:12:41","guid":{"rendered":"https:\/\/infovera.com.ar\/web\/?p=55196"},"modified":"2024-09-21T19:54:18","modified_gmt":"2024-09-21T22:54:18","slug":"con-apoyo-radical-y-socialista-el-concejo-aprobo-una-mocion-de-souilhe-para-interpelar-a-paula-mitre","status":"publish","type":"post","link":"https:\/\/infovera.com.ar\/web\/2024\/09\/20\/con-apoyo-radical-y-socialista-el-concejo-aprobo-una-mocion-de-souilhe-para-interpelar-a-paula-mitre\/","title":{"rendered":"Con apoyo radical y socialista, Souilh\u00e9 logr\u00f3 que el Concejo apruebe una moci\u00f3n para interpelar a Paula Mitre"},"content":{"rendered":"<p>El concejal peronista Mario Souilh\u00e9 logr\u00f3 lo que pocos hasta ahora. Sum\u00f3 el acompa\u00f1amiento del radicalismo y el socialismo para interpelar a la intendente verense.<\/p>\n<p>En un hecho pol\u00edtico que no registra antecedentes cercanos, los ediles dieron forma y aprobaron un pedido de interpelaci\u00f3n a la mandataria Paula Mitre, que deber\u00e1 ahora concurrir al recinto a brindar explicaciones al poder legislativo municipal que es el \u00f3rgano de contralor de sus actos de gobierno.<\/p>\n<p>Souilh\u00e9 requiri\u00f3 en su proyecto aprobado la presencia de la titular del Ejecutivo el Concejo para tratar tres temas concretos.<\/p>\n<p>El primero de ellos, de larga data, es el motivo por el que no se da cumplimiento a la Ordenanza 2048\/23 que regula el otorgamiento del espacio a emisoras de radio de frecuencia modulada en el edificio donde funciona el Concejo.<\/p>\n<p>La segunda requisitoria tiene que ver con la demora en la conformaci\u00f3n de la Junta de Seguridad creada por Ordenanza 2071\/24 del mes de Mayo.<\/p>\n<p>Y por \u00faltimo, en tercer lugar, los concejales quieren conocer las condiciones en las que se encuentra la instalaci\u00f3n de c\u00e1maras de videovigilancia anunciadas oportunamente y que a la fecha no est\u00e1n funcionando.<\/p>\n<p>La iniciativa del peronismo fue aprobada por mayor\u00eda con el voto de Fabbris, Capello, Senn y Souilh\u00e9, mientras que Rubianes y Moral votaron en contra.<\/p>\n<p>Al respecto, el autor del proyecto indic\u00f3 que &#8220;el incumplimiento de las ordenanzas vigentes configura un claro incumplimiento de los deberes de funcionario p\u00fablico&#8221;.<\/p>\n<p>&nbsp;<\/p>\n","protected":false},"excerpt":{"rendered":"<p>El concejal peronista Mario Souilh\u00e9 logr\u00f3 lo que pocos hasta ahora. Sum\u00f3 el acompa\u00f1amiento del radicalismo y el socialismo para interpelar a la intendente verense. En un hecho pol\u00edtico que no registra antecedentes cercanos, los ediles dieron forma y aprobaron un pedido de interpelaci\u00f3n a la mandataria Paula Mitre, que deber\u00e1 ahora concurrir al recinto [&hellip;]<\/p>\n","protected":false},"author":3,"featured_media":4813,"comment_status":"closed","ping_status":"closed","sticky":false,"template":"","format":"standard","meta":{"_joinchat":[],"footnotes":""},"categories":[53],"tags":[],"class_list":{"0":"post-55196","1":"post","2":"type-post","3":"status-publish","4":"format-standard","5":"has-post-thumbnail","7":"category-vera"},"_links":{"self":[{"href":"https:\/\/infovera.com.ar\/web\/wp-json\/wp\/v2\/posts\/55196","targetHints":{"allow":["GET"]}}],"collection":[{"href":"https:\/\/infovera.com.ar\/web\/wp-json\/wp\/v2\/posts"}],"about":[{"href":"https:\/\/infovera.com.ar\/web\/wp-json\/wp\/v2\/types\/post"}],"author":[{"embeddable":true,"href":"https:\/\/infovera.com.ar\/web\/wp-json\/wp\/v2\/users\/3"}],"replies":[{"embeddable":true,"href":"https:\/\/infovera.com.ar\/web\/wp-json\/wp\/v2\/comments?post=55196"}],"version-history":[{"count":0,"href":"https:\/\/infovera.com.ar\/web\/wp-json\/wp\/v2\/posts\/55196\/revisions"}],"wp:featuredmedia":[{"embeddable":true,"href":"https:\/\/infovera.com.ar\/web\/wp-json\/wp\/v2\/media\/4813"}],"wp:attachment":[{"href":"https:\/\/infovera.com.ar\/web\/wp-json\/wp\/v2\/media?parent=55196"}],"wp:term":[{"taxonomy":"category","embeddable":true,"href":"https:\/\/infovera.com.ar\/web\/wp-json\/wp\/v2\/categories?post=55196"},{"taxonomy":"post_tag","embeddable":true,"href":"https:\/\/infovera.com.ar\/web\/wp-json\/wp\/v2\/tags?post=55196"}],"curies":[{"name":"wp","href":"https:\/\/api.w.org\/{rel}","templated":true}]}}