{"id":55193,"date":"2024-09-19T17:28:01","date_gmt":"2024-09-19T20:28:01","guid":{"rendered":"https:\/\/infovera.com.ar\/web\/?p=55193"},"modified":"2024-09-19T17:28:01","modified_gmt":"2024-09-19T20:28:01","slug":"alumnos-verenses-fueron-homenajeados-por-el-concejo-municipal-de-vera","status":"publish","type":"post","link":"https:\/\/infovera.com.ar\/web\/2024\/09\/19\/alumnos-verenses-fueron-homenajeados-por-el-concejo-municipal-de-vera\/","title":{"rendered":"Alumnos verenses fueron homenajeados por el Concejo Municipal de Vera"},"content":{"rendered":"<p>Los alumnos de quinto grado de la Escuela de Jornada Completa 6236 &#8220;San Jos\u00e9 de Calasanz&#8221; clasificados en las instancias provinciales de la Feria de Ciencia y Tecnolog\u00eda visitaron el Honorable Concejo Municipal de la ciudad de Vera invitados por el concejal Mario Souilh\u00e9.<\/p>\n<p>Faltando s\u00f3lo d\u00edas para que Ludmila Casco y Sof\u00eda Ram\u00edrez, junto a su docente Paola Guti\u00e9rrez, nos representen en la provincia de Tucum\u00e1n en las instancias Nacionales de Feria de Ciencia y Tecnolog\u00eda con el proyecto &#8220;Hilando Metas&#8221;, llevado adelante por todo el grado, fueron invitados a recibir un homenaje en el Concejo.<\/p>\n<p>All\u00ed pudieron exponer detalles de c\u00f3mo fue creciendo este proyecto, a la par de sus expectativas que fueron sobrepasadas al recibir la noticia de haber clasificado a la instancia nacional.<\/p>\n<p>&#8220;Los alumnos y tambi\u00e9n su se\u00f1o est\u00e1n viviendo d\u00edas de intensas emociones. Y esto reci\u00e9n empieza. Desde la instituci\u00f3n agradecemos al concejal Mario Souilh\u00e9 por poner en valor el trabajo de los ni\u00f1os y reconocer sus esfuerzos y sus logros&#8221;, agradecieron desde la instituci\u00f3n educativa.<\/p>\n","protected":false},"excerpt":{"rendered":"<p>Los alumnos de quinto grado de la Escuela de Jornada Completa 6236 &#8220;San Jos\u00e9 de Calasanz&#8221; clasificados en las instancias provinciales de la Feria de Ciencia y Tecnolog\u00eda visitaron el Honorable Concejo Municipal de la ciudad de Vera invitados por el concejal Mario Souilh\u00e9. Faltando s\u00f3lo d\u00edas para que Ludmila Casco y Sof\u00eda Ram\u00edrez, junto [&hellip;]<\/p>\n","protected":false},"author":3,"featured_media":55194,"comment_status":"closed","ping_status":"closed","sticky":false,"template":"","format":"standard","meta":{"_joinchat":[],"footnotes":""},"categories":[53],"tags":[],"class_list":{"0":"post-55193","1":"post","2":"type-post","3":"status-publish","4":"format-standard","5":"has-post-thumbnail","7":"category-vera"},"_links":{"self":[{"href":"https:\/\/infovera.com.ar\/web\/wp-json\/wp\/v2\/posts\/55193","targetHints":{"allow":["GET"]}}],"collection":[{"href":"https:\/\/infovera.com.ar\/web\/wp-json\/wp\/v2\/posts"}],"about":[{"href":"https:\/\/infovera.com.ar\/web\/wp-json\/wp\/v2\/types\/post"}],"author":[{"embeddable":true,"href":"https:\/\/infovera.com.ar\/web\/wp-json\/wp\/v2\/users\/3"}],"replies":[{"embeddable":true,"href":"https:\/\/infovera.com.ar\/web\/wp-json\/wp\/v2\/comments?post=55193"}],"version-history":[{"count":0,"href":"https:\/\/infovera.com.ar\/web\/wp-json\/wp\/v2\/posts\/55193\/revisions"}],"wp:featuredmedia":[{"embeddable":true,"href":"https:\/\/infovera.com.ar\/web\/wp-json\/wp\/v2\/media\/55194"}],"wp:attachment":[{"href":"https:\/\/infovera.com.ar\/web\/wp-json\/wp\/v2\/media?parent=55193"}],"wp:term":[{"taxonomy":"category","embeddable":true,"href":"https:\/\/infovera.com.ar\/web\/wp-json\/wp\/v2\/categories?post=55193"},{"taxonomy":"post_tag","embeddable":true,"href":"https:\/\/infovera.com.ar\/web\/wp-json\/wp\/v2\/tags?post=55193"}],"curies":[{"name":"wp","href":"https:\/\/api.w.org\/{rel}","templated":true}]}}