{"id":55155,"date":"2024-09-18T16:23:03","date_gmt":"2024-09-18T19:23:03","guid":{"rendered":"https:\/\/infovera.com.ar\/web\/?p=55155"},"modified":"2024-09-18T16:47:47","modified_gmt":"2024-09-18T19:47:47","slug":"basural-de-calchaqui-informe-del-ejecutivo-al-concejo-por-un-problema-sin-solucion","status":"publish","type":"post","link":"https:\/\/infovera.com.ar\/web\/2024\/09\/18\/basural-de-calchaqui-informe-del-ejecutivo-al-concejo-por-un-problema-sin-solucion\/","title":{"rendered":"Basural de Calchaqu\u00ed: informe del Ejecutivo al Concejo por un problema sin soluci\u00f3n"},"content":{"rendered":"<p>En el marco de una reuni\u00f3n de comisi\u00f3n, fueron convocados por el Concejo Municipal de Calchaqu\u00ed el intendente Rub\u00e9n Cuello; la secretaria de Medio Ambiente, Mar\u00eda Paula Ferreyra; el secretario de Obras P\u00fablicas, Mart\u00edn Siri; y el Secretario de Seguridad, Luis Figueroa, para tratar espec\u00edficamente la problem\u00e1tica del basural de Calchaqu\u00ed.<\/p>\n<p>Los ediles presentaron la preocupaci\u00f3n sobre el manejo municipal de la basura y sus consecuencias: humo permanente en la zona urbana, olores, perjuicio para la salud de los vecinos, inseguridad y focos de incendio; y se\u00f1alaron que el &#8220;problema lleva m\u00e1s de una d\u00e9cada a pesar de que la Municipalidad de Calchaqu\u00ed est\u00e1 adherida, desde el a\u00f1o 2016 a la Ley Provincial N\u00ba 13 055 (sancionada en 2009) denominada &#8216;Basura cero'&#8221;.<\/p>\n<p>En el recinto de sesiones, el titular municipal y los miembros de su equipo detallaron las acciones que se realizan desde que sale la basura de las viviendas hasta el lugar de dep\u00f3sito, el basural situado en el extremo noreste, al borde la cuadr\u00edcula urbana.<\/p>\n<p>Cuello y sus secretarios expusieron las dificultades que afrontan en materia de log\u00edstica, el manejo del espacio f\u00edsico, el desborde que presenta el lugar en s\u00ed, y destacaron el trabajo que llevan adelante con los recuperadores urbanos.<\/p>\n<p>En tren de rese\u00f1ar las pol\u00edticas medioambientales, los funcionarios del Ejecutivo local refirieron est\u00e1n en gesti\u00f3n la incorporaci\u00f3n de nueva maquinaria y la adquisici\u00f3n de un nuevo terreno para el traslado del predio.<\/p>\n<p>Desde el Concejo, sus integrantes sugirieron implementar una campa\u00f1a de concientizaci\u00f3n y reeducaci\u00f3n sobre la separaci\u00f3n de la basura en origen, que haga hincapi\u00e9 en el respeto de todos los pasos hasta el destino final y potencie el trabajo de los recuperadores urbanos. Asimismo, instaron a dar a conocer a los vecinos, por los medios convenientes, el Plan de Acci\u00f3n Municipal para el Manejo de la Basura a corto, mediano y largo plazo para &#8220;dar una soluci\u00f3n definitiva y garantizar el bienestar de todos&#8221;.<\/p>\n<p><strong>Hechos vand\u00e1licos<\/strong><\/p>\n<p><strong>InfoVera <\/strong>consult\u00f3 a la titular municipal de Medio Ambiente, quien aclar\u00f3 que \u201cla cuesti\u00f3n del mantenimiento puntual, por una cuesti\u00f3n de orden, de maquinaria, de equipos y dem\u00e1s, est\u00e1 a cargo de Obras P\u00fablicas. La gesti\u00f3n de residuos s\u00ed est\u00e1 a cargo de Ambiente. Hay un mont\u00f3n hecho y que se hace y hay un mont\u00f3n de proyectos ac\u00e1 en Calchaqu\u00ed. En cuanto a gesti\u00f3n de residuos, programas de reciclajes y concientizaci\u00f3n en diferentes programas, en los diferentes niveles educativos\u201d.<\/p>\n<p>Paula Ferreyra explic\u00f3, en lo que ata\u00f1e a las quemas, que \u201cs\u00e9 que est\u00e1 en el foco de atenci\u00f3n hoy el basural porque lo prenden fuego, porque la realidad es que son actos vand\u00e1licos. Lamentablemente es eso lo que pasa y por la dimensi\u00f3n que tiene no se puede terminar de controlar. Tuvimos un episodio hace poquitos d\u00edas donde seis personas en simult\u00e1neo en diferentes puntos salieron a prender fuego, entonces es dif\u00edcil de controlar\u201d.<\/p>\n<p>Para finalizar, sostuvo que \u201csi bien entiendo que eso es hoy un caballito de batalla y es lo que est\u00e1 en boga, estar\u00eda bueno tambi\u00e9n que se comente todo el resto que se hace, que es un mont\u00f3n y se trabaja much\u00edsimo en cuesti\u00f3n de gesti\u00f3n de residuos. Hay muy pocas localidades en la provincia que tienen todos los programas de gesti\u00f3n de residuos que hay ac\u00e1 en Calchaqu\u00ed\u201d.<\/p>\n<p>&nbsp;<\/p>\n","protected":false},"excerpt":{"rendered":"<p>En el marco de una reuni\u00f3n de comisi\u00f3n, fueron convocados por el Concejo Municipal de Calchaqu\u00ed el intendente Rub\u00e9n Cuello; la secretaria de Medio Ambiente, Mar\u00eda Paula Ferreyra; el secretario de Obras P\u00fablicas, Mart\u00edn Siri; y el Secretario de Seguridad, Luis Figueroa, para tratar espec\u00edficamente la problem\u00e1tica del basural de Calchaqu\u00ed. Los ediles presentaron la [&hellip;]<\/p>\n","protected":false},"author":3,"featured_media":55156,"comment_status":"closed","ping_status":"closed","sticky":false,"template":"","format":"standard","meta":{"_joinchat":[],"footnotes":""},"categories":[52],"tags":[],"class_list":{"0":"post-55155","1":"post","2":"type-post","3":"status-publish","4":"format-standard","5":"has-post-thumbnail","7":"category-calchaqui"},"_links":{"self":[{"href":"https:\/\/infovera.com.ar\/web\/wp-json\/wp\/v2\/posts\/55155","targetHints":{"allow":["GET"]}}],"collection":[{"href":"https:\/\/infovera.com.ar\/web\/wp-json\/wp\/v2\/posts"}],"about":[{"href":"https:\/\/infovera.com.ar\/web\/wp-json\/wp\/v2\/types\/post"}],"author":[{"embeddable":true,"href":"https:\/\/infovera.com.ar\/web\/wp-json\/wp\/v2\/users\/3"}],"replies":[{"embeddable":true,"href":"https:\/\/infovera.com.ar\/web\/wp-json\/wp\/v2\/comments?post=55155"}],"version-history":[{"count":0,"href":"https:\/\/infovera.com.ar\/web\/wp-json\/wp\/v2\/posts\/55155\/revisions"}],"wp:featuredmedia":[{"embeddable":true,"href":"https:\/\/infovera.com.ar\/web\/wp-json\/wp\/v2\/media\/55156"}],"wp:attachment":[{"href":"https:\/\/infovera.com.ar\/web\/wp-json\/wp\/v2\/media?parent=55155"}],"wp:term":[{"taxonomy":"category","embeddable":true,"href":"https:\/\/infovera.com.ar\/web\/wp-json\/wp\/v2\/categories?post=55155"},{"taxonomy":"post_tag","embeddable":true,"href":"https:\/\/infovera.com.ar\/web\/wp-json\/wp\/v2\/tags?post=55155"}],"curies":[{"name":"wp","href":"https:\/\/api.w.org\/{rel}","templated":true}]}}