{"id":55149,"date":"2024-09-18T16:02:52","date_gmt":"2024-09-18T19:02:52","guid":{"rendered":"https:\/\/infovera.com.ar\/web\/?p=55149"},"modified":"2024-09-18T16:02:52","modified_gmt":"2024-09-18T19:02:52","slug":"upcn-vera-prosigue-con-sus-talleres-con-salida-laboral","status":"publish","type":"post","link":"https:\/\/infovera.com.ar\/web\/2024\/09\/18\/upcn-vera-prosigue-con-sus-talleres-con-salida-laboral\/","title":{"rendered":"UPCN Vera prosigue con sus talleres con salida laboral"},"content":{"rendered":"<p>En la sede local del gremio contin\u00faan dict\u00e1ndose capacitaciones, en este caso\u00a0de Manicur\u00eda Integral, Operador Office Avanzado, Masoterapia, Panader\u00eda y Pasteler\u00eda, y Auxiliar Electricista Montador Domiciliario.<\/p>\n<p>Los interesados pueden consultar en la Delegaci\u00f3n Vera, en San Mart\u00edn 1343 de Vera, tel\u00e9fono 03483 422 172.<\/p>\n<p><a href=\"https:\/\/infovera.com.ar\/web\/wp-content\/uploads\/2024\/09\/upcn-2.png\"><img loading=\"lazy\" decoding=\"async\" class=\"alignleft size-full wp-image-55152\" src=\"https:\/\/infovera.com.ar\/web\/wp-content\/uploads\/2024\/09\/upcn-2.png\" alt=\"\" width=\"1069\" height=\"867\" srcset=\"https:\/\/infovera.com.ar\/web\/wp-content\/uploads\/2024\/09\/upcn-2.png 1069w, https:\/\/infovera.com.ar\/web\/wp-content\/uploads\/2024\/09\/upcn-2-696x564.png 696w, https:\/\/infovera.com.ar\/web\/wp-content\/uploads\/2024\/09\/upcn-2-518x420.png 518w\" sizes=\"auto, (max-width: 1069px) 100vw, 1069px\" \/><\/a><a href=\"https:\/\/infovera.com.ar\/web\/wp-content\/uploads\/2024\/09\/upcn-3.png\"><img loading=\"lazy\" decoding=\"async\" class=\"alignleft size-full wp-image-55153\" src=\"https:\/\/infovera.com.ar\/web\/wp-content\/uploads\/2024\/09\/upcn-3.png\" alt=\"\" width=\"1195\" height=\"1095\" srcset=\"https:\/\/infovera.com.ar\/web\/wp-content\/uploads\/2024\/09\/upcn-3.png 1195w, https:\/\/infovera.com.ar\/web\/wp-content\/uploads\/2024\/09\/upcn-3-696x638.png 696w, https:\/\/infovera.com.ar\/web\/wp-content\/uploads\/2024\/09\/upcn-3-1068x979.png 1068w, https:\/\/infovera.com.ar\/web\/wp-content\/uploads\/2024\/09\/upcn-3-458x420.png 458w\" sizes=\"auto, (max-width: 1195px) 100vw, 1195px\" \/><\/a><\/p>\n<p><a href=\"https:\/\/infovera.com.ar\/web\/wp-content\/uploads\/2024\/09\/upcn-1.png\"><img loading=\"lazy\" decoding=\"async\" class=\"alignleft size-full wp-image-55151\" src=\"https:\/\/infovera.com.ar\/web\/wp-content\/uploads\/2024\/09\/upcn-1.png\" alt=\"\" width=\"949\" height=\"638\" srcset=\"https:\/\/infovera.com.ar\/web\/wp-content\/uploads\/2024\/09\/upcn-1.png 949w, https:\/\/infovera.com.ar\/web\/wp-content\/uploads\/2024\/09\/upcn-1-696x468.png 696w, https:\/\/infovera.com.ar\/web\/wp-content\/uploads\/2024\/09\/upcn-1-625x420.png 625w\" sizes=\"auto, (max-width: 949px) 100vw, 949px\" \/><\/a><\/p>\n","protected":false},"excerpt":{"rendered":"<p>En la sede local del gremio contin\u00faan dict\u00e1ndose capacitaciones, en este caso\u00a0de Manicur\u00eda Integral, Operador Office Avanzado, Masoterapia, Panader\u00eda y Pasteler\u00eda, y Auxiliar Electricista Montador Domiciliario. Los interesados pueden consultar en la Delegaci\u00f3n Vera, en San Mart\u00edn 1343 de Vera, tel\u00e9fono 03483 422 172.<\/p>\n","protected":false},"author":3,"featured_media":55150,"comment_status":"closed","ping_status":"closed","sticky":false,"template":"","format":"standard","meta":{"_joinchat":[],"footnotes":""},"categories":[53],"tags":[],"class_list":{"0":"post-55149","1":"post","2":"type-post","3":"status-publish","4":"format-standard","5":"has-post-thumbnail","7":"category-vera"},"_links":{"self":[{"href":"https:\/\/infovera.com.ar\/web\/wp-json\/wp\/v2\/posts\/55149","targetHints":{"allow":["GET"]}}],"collection":[{"href":"https:\/\/infovera.com.ar\/web\/wp-json\/wp\/v2\/posts"}],"about":[{"href":"https:\/\/infovera.com.ar\/web\/wp-json\/wp\/v2\/types\/post"}],"author":[{"embeddable":true,"href":"https:\/\/infovera.com.ar\/web\/wp-json\/wp\/v2\/users\/3"}],"replies":[{"embeddable":true,"href":"https:\/\/infovera.com.ar\/web\/wp-json\/wp\/v2\/comments?post=55149"}],"version-history":[{"count":0,"href":"https:\/\/infovera.com.ar\/web\/wp-json\/wp\/v2\/posts\/55149\/revisions"}],"wp:featuredmedia":[{"embeddable":true,"href":"https:\/\/infovera.com.ar\/web\/wp-json\/wp\/v2\/media\/55150"}],"wp:attachment":[{"href":"https:\/\/infovera.com.ar\/web\/wp-json\/wp\/v2\/media?parent=55149"}],"wp:term":[{"taxonomy":"category","embeddable":true,"href":"https:\/\/infovera.com.ar\/web\/wp-json\/wp\/v2\/categories?post=55149"},{"taxonomy":"post_tag","embeddable":true,"href":"https:\/\/infovera.com.ar\/web\/wp-json\/wp\/v2\/tags?post=55149"}],"curies":[{"name":"wp","href":"https:\/\/api.w.org\/{rel}","templated":true}]}}