{"id":55114,"date":"2024-09-17T11:19:03","date_gmt":"2024-09-17T14:19:03","guid":{"rendered":"https:\/\/infovera.com.ar\/web\/?p=55114"},"modified":"2024-09-18T09:25:47","modified_gmt":"2024-09-18T12:25:47","slug":"un-impulso-para-la-educacion-rural-el-gobierno-provincial-lleva-mejoras-a-la-escuela-gustavo-martinez-zuviria","status":"publish","type":"post","link":"https:\/\/infovera.com.ar\/web\/2024\/09\/17\/un-impulso-para-la-educacion-rural-el-gobierno-provincial-lleva-mejoras-a-la-escuela-gustavo-martinez-zuviria\/","title":{"rendered":"Un impulso para la educaci\u00f3n rural: el gobierno provincial lleva mejoras a la Escuela Gustavo Mart\u00ednez Zuvir\u00eda"},"content":{"rendered":"<p>En un acto cargado de emoci\u00f3n, el Ministro de Educaci\u00f3n de la provincia de Santa Fe, Jos\u00e9 Goity, junto al delegado regional Oscar Duarte y la subsecretaria electoral, Dra. Juliana Caillat, entregaron $4.349.532 a la Escuela Primaria N\u00b0 6243 \u00abGustavo Mart\u00ednez Zuvir\u00eda\u00bb, de la localidad de Ogilvie.<\/p>\n<p>Este aporte, proveniente del Fondo para la Atenci\u00f3n de Necesidades Inmediatas (FANI), ser\u00e1 destinado a la mano de obra y adquisici\u00f3n de materiales para la instalaci\u00f3n de cielorraso de PVC en las aulas y la galer\u00eda-comedor, mejorando las condiciones de aprendizaje para los estudiantes.<\/p>\n<p>El gesto reafirma el compromiso del gobierno provincial con la educaci\u00f3n, llevando recursos concretos a escuelas rurales y brindando a los ni\u00f1os y ni\u00f1as un entorno m\u00e1s seguro y digno para su desarrollo. La gesti\u00f3n de este fondo refleja un esfuerzo conjunto entre las autoridades provinciales y educativas para asegurar que ning\u00fan rinc\u00f3n de Santa Fe quede relegado en la b\u00fasqueda de una educaci\u00f3n de calidad.<\/p>\n<p>Con estas acciones, la provincia avanza hacia una infraestructura escolar que proteja y potencie el futuro de sus j\u00f3venes.<\/p>\n<p><a href=\"https:\/\/infovera.com.ar\/web\/wp-content\/uploads\/2024\/09\/IMG-20240917-WA0042.jpg\"><img loading=\"lazy\" decoding=\"async\" class=\"alignleft size-full wp-image-55116\" src=\"https:\/\/infovera.com.ar\/web\/wp-content\/uploads\/2024\/09\/IMG-20240917-WA0042.jpg\" alt=\"\" width=\"720\" height=\"1280\" srcset=\"https:\/\/infovera.com.ar\/web\/wp-content\/uploads\/2024\/09\/IMG-20240917-WA0042.jpg 720w, https:\/\/infovera.com.ar\/web\/wp-content\/uploads\/2024\/09\/IMG-20240917-WA0042-696x1237.jpg 696w, https:\/\/infovera.com.ar\/web\/wp-content\/uploads\/2024\/09\/IMG-20240917-WA0042-236x420.jpg 236w\" sizes=\"auto, (max-width: 720px) 100vw, 720px\" \/><\/a><\/p>\n","protected":false},"excerpt":{"rendered":"<p>En un acto cargado de emoci\u00f3n, el Ministro de Educaci\u00f3n de la provincia de Santa Fe, Jos\u00e9 Goity, junto al delegado regional Oscar Duarte y la subsecretaria electoral, Dra. Juliana Caillat, entregaron $4.349.532 a la Escuela Primaria N\u00b0 6243 \u00abGustavo Mart\u00ednez Zuvir\u00eda\u00bb, de la localidad de Ogilvie. Este aporte, proveniente del Fondo para la Atenci\u00f3n [&hellip;]<\/p>\n","protected":false},"author":3,"featured_media":55115,"comment_status":"closed","ping_status":"closed","sticky":false,"template":"","format":"standard","meta":{"_joinchat":[],"footnotes":""},"categories":[53],"tags":[],"class_list":{"0":"post-55114","1":"post","2":"type-post","3":"status-publish","4":"format-standard","5":"has-post-thumbnail","7":"category-vera"},"_links":{"self":[{"href":"https:\/\/infovera.com.ar\/web\/wp-json\/wp\/v2\/posts\/55114","targetHints":{"allow":["GET"]}}],"collection":[{"href":"https:\/\/infovera.com.ar\/web\/wp-json\/wp\/v2\/posts"}],"about":[{"href":"https:\/\/infovera.com.ar\/web\/wp-json\/wp\/v2\/types\/post"}],"author":[{"embeddable":true,"href":"https:\/\/infovera.com.ar\/web\/wp-json\/wp\/v2\/users\/3"}],"replies":[{"embeddable":true,"href":"https:\/\/infovera.com.ar\/web\/wp-json\/wp\/v2\/comments?post=55114"}],"version-history":[{"count":0,"href":"https:\/\/infovera.com.ar\/web\/wp-json\/wp\/v2\/posts\/55114\/revisions"}],"wp:featuredmedia":[{"embeddable":true,"href":"https:\/\/infovera.com.ar\/web\/wp-json\/wp\/v2\/media\/55115"}],"wp:attachment":[{"href":"https:\/\/infovera.com.ar\/web\/wp-json\/wp\/v2\/media?parent=55114"}],"wp:term":[{"taxonomy":"category","embeddable":true,"href":"https:\/\/infovera.com.ar\/web\/wp-json\/wp\/v2\/categories?post=55114"},{"taxonomy":"post_tag","embeddable":true,"href":"https:\/\/infovera.com.ar\/web\/wp-json\/wp\/v2\/tags?post=55114"}],"curies":[{"name":"wp","href":"https:\/\/api.w.org\/{rel}","templated":true}]}}