{"id":55091,"date":"2024-09-16T11:36:48","date_gmt":"2024-09-16T14:36:48","guid":{"rendered":"https:\/\/infovera.com.ar\/web\/?p=55091"},"modified":"2024-09-16T21:30:10","modified_gmt":"2024-09-17T00:30:10","slug":"balance-positivo-de-la-expovera","status":"publish","type":"post","link":"https:\/\/infovera.com.ar\/web\/2024\/09\/16\/balance-positivo-de-la-expovera\/","title":{"rendered":"Balance positivo de la ExpoVera"},"content":{"rendered":"<p>Al margen del resultado econ\u00f3mico la SRV calific\u00f3 como positivo el balance de la \u00faltima Exposici\u00f3n.<\/p>\n<p>La comisi\u00f3n valor\u00f3 el esfuerzo de los caba\u00f1eros que aportaron sus mejores ejemplares para la muestra ganadera, como as\u00ed tambi\u00e9n el empresariado y comercio local que dieron un excelente marco a la muestra.<\/p>\n<p>Tambi\u00e9n destac\u00f3 el aporte de los emprenderos y artesanos como as\u00ed tambi\u00e9n a quienes participaron de la muestra gastron\u00f3mica de toda la regi\u00f3n.<\/p>\n<p>Un cap\u00edtulo que mereci\u00f3 un comentario especial fue el protagonismo de las Agrupaciones Tradicionalistas que generaron tanta expectativa inicial y motivaron el aplauso de aprobaci\u00f3n de la poblaci\u00f3n que se volc\u00f3 a la calle para verlas pasar.<\/p>\n<p>Este desfile, por iniciativa del Ateneo Juvenil de la SR, dio lugar a una consideraci\u00f3n especial por lo que pr\u00e1cticamente se decidi\u00f3 incorporarlo en ediciones futuras como un condimento adicional en cada muestra anual.<\/p>\n","protected":false},"excerpt":{"rendered":"<p>Al margen del resultado econ\u00f3mico la SRV calific\u00f3 como positivo el balance de la \u00faltima Exposici\u00f3n. La comisi\u00f3n valor\u00f3 el esfuerzo de los caba\u00f1eros que aportaron sus mejores ejemplares para la muestra ganadera, como as\u00ed tambi\u00e9n el empresariado y comercio local que dieron un excelente marco a la muestra. Tambi\u00e9n destac\u00f3 el aporte de los [&hellip;]<\/p>\n","protected":false},"author":3,"featured_media":55092,"comment_status":"closed","ping_status":"closed","sticky":false,"template":"","format":"standard","meta":{"_joinchat":[],"footnotes":""},"categories":[53],"tags":[],"class_list":{"0":"post-55091","1":"post","2":"type-post","3":"status-publish","4":"format-standard","5":"has-post-thumbnail","7":"category-vera"},"_links":{"self":[{"href":"https:\/\/infovera.com.ar\/web\/wp-json\/wp\/v2\/posts\/55091","targetHints":{"allow":["GET"]}}],"collection":[{"href":"https:\/\/infovera.com.ar\/web\/wp-json\/wp\/v2\/posts"}],"about":[{"href":"https:\/\/infovera.com.ar\/web\/wp-json\/wp\/v2\/types\/post"}],"author":[{"embeddable":true,"href":"https:\/\/infovera.com.ar\/web\/wp-json\/wp\/v2\/users\/3"}],"replies":[{"embeddable":true,"href":"https:\/\/infovera.com.ar\/web\/wp-json\/wp\/v2\/comments?post=55091"}],"version-history":[{"count":0,"href":"https:\/\/infovera.com.ar\/web\/wp-json\/wp\/v2\/posts\/55091\/revisions"}],"wp:featuredmedia":[{"embeddable":true,"href":"https:\/\/infovera.com.ar\/web\/wp-json\/wp\/v2\/media\/55092"}],"wp:attachment":[{"href":"https:\/\/infovera.com.ar\/web\/wp-json\/wp\/v2\/media?parent=55091"}],"wp:term":[{"taxonomy":"category","embeddable":true,"href":"https:\/\/infovera.com.ar\/web\/wp-json\/wp\/v2\/categories?post=55091"},{"taxonomy":"post_tag","embeddable":true,"href":"https:\/\/infovera.com.ar\/web\/wp-json\/wp\/v2\/tags?post=55091"}],"curies":[{"name":"wp","href":"https:\/\/api.w.org\/{rel}","templated":true}]}}